{"id":1027,"date":"2025-02-11T09:37:25","date_gmt":"2025-02-11T08:37:25","guid":{"rendered":"http:\/\/mozdaniudar.org\/wp\/?p=1027"},"modified":"2025-02-11T09:37:29","modified_gmt":"2025-02-11T08:37:29","slug":"prijavite-se-za-european-life-after-stroke-forum","status":"publish","type":"post","link":"https:\/\/mozdaniudar.org\/wp\/2025\/02\/11\/prijavite-se-za-european-life-after-stroke-forum\/","title":{"rendered":"Prijavite se za European Life After Stroke Forum"},"content":{"rendered":"\n<p>Evropska Alijansa za mo\u017edani udar organizuje Evropski Forum za \u017eivot nakon mo\u017edanog udara u Pragu 10. i 11. marta. Program doga\u0111aja bogat je uvidima u najnovija istra\u017eivanja u vezi sa mo\u017edanim udarom, ali \u010du\u0107e se glas i onih koji su ga pro\u017eiveli. Ova me\u0161avina znanja i pri\u010da iz stvarnog \u017eivota treba da inspiri\u0161e i motivi\u0161e prisutne gledaoce i da ih na kraju motivi\u0161e da naprave uticajne promene u svojim zemljama.<\/p>\n\n\n\n<figure class=\"wp-block-image size-large\"><img loading=\"lazy\" width=\"1011\" height=\"529\" src=\"http:\/\/mozdaniudar.org\/wp\/wp-content\/uploads\/2025\/02\/Prague-registration-social-1200x628-1RESSS.png\" alt=\"\" class=\"wp-image-1029\" srcset=\"https:\/\/mozdaniudar.org\/wp\/wp-content\/uploads\/2025\/02\/Prague-registration-social-1200x628-1RESSS.png 1011w, https:\/\/mozdaniudar.org\/wp\/wp-content\/uploads\/2025\/02\/Prague-registration-social-1200x628-1RESSS-300x157.png 300w, https:\/\/mozdaniudar.org\/wp\/wp-content\/uploads\/2025\/02\/Prague-registration-social-1200x628-1RESSS-768x402.png 768w\" sizes=\"(max-width: 1011px) 100vw, 1011px\" \/><\/figure>\n\n\n\n<p>Rani rok za registraciju na Evropski Forum za \u017eivot nakon mo\u017edanog udara (European Life After Stroke Forum) isti\u010de 14.02. Iskoristite povoljnije cene.<\/p>\n\n\n\n<p>\u0160ta mo\u017eete o\u010dekivati?<\/p>\n\n\n\n<p>&#8211; Forum koji je namenjen svima zainteresovanima za \u017eivot nakon mo\u017edanog udara <\/p>\n\n\n\n<p>&#8211; zdravstvene profesionalce, negovatelje, istra\u017eiva\u010de i zastupnike<\/p>\n\n\n\n<p>&#8211; najnovija istra\u017eivanja i najbolju praksu<\/p>\n\n\n\n<p>&#8211; teme programa obuhvataju sekundarnu prevenciju, Akcioni Plan za mo\u017edani udar, tehnolo\u0161ke inovacije i kvalitet \u017eivota kod \u017eena nakon mo\u017edanog udara <\/p>\n\n\n\n<p>Da vidite kompletan program kliknite na link <a href=\"https:\/\/www.elasf.org\/programme-2\/?fbclid=IwZXh0bgNhZW0CMTAAAR0uretrhmIExzOR_glfIyQTGxK-CwEegBKX8L2iqUvN5OwphfA4tnkQ3w4_aem_FOPg9Gh9KJG5ASH_esUVdg\" rel=\"noreferrer noopener\" target=\"_blank\">OVDE <\/a>Za vi\u0161e informacija i registraciju posetite <a href=\"https:\/\/www.elasf.org\/registr\">LINK<\/a> .<\/p>\n\n\n\n<p>Ponosno mo\u017eemo re\u0107i da \u0107e na\u0161e udru\u017eenje imati aktivnog u\u010desnika dr Ivana Milojevi\u0107a koji \u0107e imati prezentaciju na temu bola i depresije nakon mo\u017edanog udara kod \u017eena.<\/p>\n","protected":false},"excerpt":{"rendered":"<p>Evropska Alijansa za mo\u017edani udar organizuje Evropski Forum za \u017eivot nakon mo\u017edanog udara u Pragu 10. i 11. marta. Program[&#8230;]<\/p>\n","protected":false},"author":1,"featured_media":1029,"comment_status":"open","ping_status":"open","sticky":false,"template":"","format":"standard","meta":{"_mi_skip_tracking":false},"categories":[1],"tags":[],"yoast_head":"<!-- This site is optimized with the Yoast SEO plugin v18.2 - https:\/\/yoast.com\/wordpress\/plugins\/seo\/ -->\n<title>Prijavite se za European Life After Stroke Forum -<\/title>\n<meta name=\"robots\" content=\"index, follow, max-snippet:-1, max-image-preview:large, max-video-preview:-1\" \/>\n<link rel=\"canonical\" href=\"https:\/\/mozdaniudar.org\/wp\/2025\/02\/11\/prijavite-se-za-european-life-after-stroke-forum\/\" \/>\n<meta property=\"og:locale\" content=\"en_US\" \/>\n<meta property=\"og:type\" content=\"article\" \/>\n<meta property=\"og:title\" content=\"Prijavite se za European Life After Stroke Forum -\" \/>\n<meta property=\"og:description\" content=\"Evropska Alijansa za mo\u017edani udar organizuje Evropski Forum za \u017eivot nakon mo\u017edanog udara u Pragu 10. i 11. marta. Program[...]\" \/>\n<meta property=\"og:url\" content=\"https:\/\/mozdaniudar.org\/wp\/2025\/02\/11\/prijavite-se-za-european-life-after-stroke-forum\/\" \/>\n<meta property=\"article:published_time\" content=\"2025-02-11T08:37:25+00:00\" \/>\n<meta property=\"article:modified_time\" content=\"2025-02-11T08:37:29+00:00\" \/>\n<meta property=\"og:image\" content=\"https:\/\/mozdaniudar.org\/wp\/wp-content\/uploads\/2025\/02\/Prague-registration-social-1200x628-1RESSS.png\" \/>\n\t<meta property=\"og:image:width\" content=\"1011\" \/>\n\t<meta property=\"og:image:height\" content=\"529\" \/>\n\t<meta property=\"og:image:type\" content=\"image\/png\" \/>\n<meta name=\"twitter:card\" content=\"summary\" \/>\n<meta name=\"twitter:label1\" content=\"Written by\" \/>\n\t<meta name=\"twitter:data1\" content=\"admin\" \/>\n\t<meta name=\"twitter:label2\" content=\"Est. reading time\" \/>\n\t<meta name=\"twitter:data2\" content=\"1 minute\" \/>\n<script type=\"application\/ld+json\" class=\"yoast-schema-graph\">{\"@context\":\"https:\/\/schema.org\",\"@graph\":[{\"@type\":\"WebSite\",\"@id\":\"http:\/\/mozdaniudar.org\/wp\/#website\",\"url\":\"http:\/\/mozdaniudar.org\/wp\/\",\"name\":\"\",\"description\":\"Sajt Udru\u017eenja &quot;Mo\u017edani udar&quot;\",\"potentialAction\":[{\"@type\":\"SearchAction\",\"target\":{\"@type\":\"EntryPoint\",\"urlTemplate\":\"http:\/\/mozdaniudar.org\/wp\/?s={search_term_string}\"},\"query-input\":\"required name=search_term_string\"}],\"inLanguage\":\"en-US\"},{\"@type\":\"ImageObject\",\"@id\":\"https:\/\/mozdaniudar.org\/wp\/2025\/02\/11\/prijavite-se-za-european-life-after-stroke-forum\/#primaryimage\",\"inLanguage\":\"en-US\",\"url\":\"https:\/\/mozdaniudar.org\/wp\/wp-content\/uploads\/2025\/02\/Prague-registration-social-1200x628-1RESSS.png\",\"contentUrl\":\"https:\/\/mozdaniudar.org\/wp\/wp-content\/uploads\/2025\/02\/Prague-registration-social-1200x628-1RESSS.png\",\"width\":1011,\"height\":529},{\"@type\":\"WebPage\",\"@id\":\"https:\/\/mozdaniudar.org\/wp\/2025\/02\/11\/prijavite-se-za-european-life-after-stroke-forum\/#webpage\",\"url\":\"https:\/\/mozdaniudar.org\/wp\/2025\/02\/11\/prijavite-se-za-european-life-after-stroke-forum\/\",\"name\":\"Prijavite se za European Life After Stroke Forum -\",\"isPartOf\":{\"@id\":\"http:\/\/mozdaniudar.org\/wp\/#website\"},\"primaryImageOfPage\":{\"@id\":\"https:\/\/mozdaniudar.org\/wp\/2025\/02\/11\/prijavite-se-za-european-life-after-stroke-forum\/#primaryimage\"},\"datePublished\":\"2025-02-11T08:37:25+00:00\",\"dateModified\":\"2025-02-11T08:37:29+00:00\",\"author\":{\"@id\":\"http:\/\/mozdaniudar.org\/wp\/#\/schema\/person\/c5eb40d50190fb44a97bf49a2690a11f\"},\"breadcrumb\":{\"@id\":\"https:\/\/mozdaniudar.org\/wp\/2025\/02\/11\/prijavite-se-za-european-life-after-stroke-forum\/#breadcrumb\"},\"inLanguage\":\"en-US\",\"potentialAction\":[{\"@type\":\"ReadAction\",\"target\":[\"https:\/\/mozdaniudar.org\/wp\/2025\/02\/11\/prijavite-se-za-european-life-after-stroke-forum\/\"]}]},{\"@type\":\"BreadcrumbList\",\"@id\":\"https:\/\/mozdaniudar.org\/wp\/2025\/02\/11\/prijavite-se-za-european-life-after-stroke-forum\/#breadcrumb\",\"itemListElement\":[{\"@type\":\"ListItem\",\"position\":1,\"name\":\"Home\",\"item\":\"http:\/\/mozdaniudar.org\/wp\/\"},{\"@type\":\"ListItem\",\"position\":2,\"name\":\"Prijavite se za European Life After Stroke Forum\"}]},{\"@type\":\"Person\",\"@id\":\"http:\/\/mozdaniudar.org\/wp\/#\/schema\/person\/c5eb40d50190fb44a97bf49a2690a11f\",\"name\":\"admin\",\"image\":{\"@type\":\"ImageObject\",\"@id\":\"http:\/\/mozdaniudar.org\/wp\/#personlogo\",\"inLanguage\":\"en-US\",\"url\":\"https:\/\/secure.gravatar.com\/avatar\/1658a138ac00e9f4d9366de11ddb9d04?s=96&d=mm&r=g\",\"contentUrl\":\"https:\/\/secure.gravatar.com\/avatar\/1658a138ac00e9f4d9366de11ddb9d04?s=96&d=mm&r=g\",\"caption\":\"admin\"},\"url\":\"https:\/\/mozdaniudar.org\/wp\/author\/admin\/\"}]}<\/script>\n<!-- \/ Yoast SEO plugin. -->","yoast_head_json":{"title":"Prijavite se za European Life After Stroke Forum -","robots":{"index":"index","follow":"follow","max-snippet":"max-snippet:-1","max-image-preview":"max-image-preview:large","max-video-preview":"max-video-preview:-1"},"canonical":"https:\/\/mozdaniudar.org\/wp\/2025\/02\/11\/prijavite-se-za-european-life-after-stroke-forum\/","og_locale":"en_US","og_type":"article","og_title":"Prijavite se za European Life After Stroke Forum -","og_description":"Evropska Alijansa za mo\u017edani udar organizuje Evropski Forum za \u017eivot nakon mo\u017edanog udara u Pragu 10. i 11. marta. Program[...]","og_url":"https:\/\/mozdaniudar.org\/wp\/2025\/02\/11\/prijavite-se-za-european-life-after-stroke-forum\/","article_published_time":"2025-02-11T08:37:25+00:00","article_modified_time":"2025-02-11T08:37:29+00:00","og_image":[{"width":1011,"height":529,"url":"https:\/\/mozdaniudar.org\/wp\/wp-content\/uploads\/2025\/02\/Prague-registration-social-1200x628-1RESSS.png","type":"image\/png"}],"twitter_card":"summary","twitter_misc":{"Written by":"admin","Est. reading time":"1 minute"},"schema":{"@context":"https:\/\/schema.org","@graph":[{"@type":"WebSite","@id":"http:\/\/mozdaniudar.org\/wp\/#website","url":"http:\/\/mozdaniudar.org\/wp\/","name":"","description":"Sajt Udru\u017eenja &quot;Mo\u017edani udar&quot;","potentialAction":[{"@type":"SearchAction","target":{"@type":"EntryPoint","urlTemplate":"http:\/\/mozdaniudar.org\/wp\/?s={search_term_string}"},"query-input":"required name=search_term_string"}],"inLanguage":"en-US"},{"@type":"ImageObject","@id":"https:\/\/mozdaniudar.org\/wp\/2025\/02\/11\/prijavite-se-za-european-life-after-stroke-forum\/#primaryimage","inLanguage":"en-US","url":"https:\/\/mozdaniudar.org\/wp\/wp-content\/uploads\/2025\/02\/Prague-registration-social-1200x628-1RESSS.png","contentUrl":"https:\/\/mozdaniudar.org\/wp\/wp-content\/uploads\/2025\/02\/Prague-registration-social-1200x628-1RESSS.png","width":1011,"height":529},{"@type":"WebPage","@id":"https:\/\/mozdaniudar.org\/wp\/2025\/02\/11\/prijavite-se-za-european-life-after-stroke-forum\/#webpage","url":"https:\/\/mozdaniudar.org\/wp\/2025\/02\/11\/prijavite-se-za-european-life-after-stroke-forum\/","name":"Prijavite se za European Life After Stroke Forum -","isPartOf":{"@id":"http:\/\/mozdaniudar.org\/wp\/#website"},"primaryImageOfPage":{"@id":"https:\/\/mozdaniudar.org\/wp\/2025\/02\/11\/prijavite-se-za-european-life-after-stroke-forum\/#primaryimage"},"datePublished":"2025-02-11T08:37:25+00:00","dateModified":"2025-02-11T08:37:29+00:00","author":{"@id":"http:\/\/mozdaniudar.org\/wp\/#\/schema\/person\/c5eb40d50190fb44a97bf49a2690a11f"},"breadcrumb":{"@id":"https:\/\/mozdaniudar.org\/wp\/2025\/02\/11\/prijavite-se-za-european-life-after-stroke-forum\/#breadcrumb"},"inLanguage":"en-US","potentialAction":[{"@type":"ReadAction","target":["https:\/\/mozdaniudar.org\/wp\/2025\/02\/11\/prijavite-se-za-european-life-after-stroke-forum\/"]}]},{"@type":"BreadcrumbList","@id":"https:\/\/mozdaniudar.org\/wp\/2025\/02\/11\/prijavite-se-za-european-life-after-stroke-forum\/#breadcrumb","itemListElement":[{"@type":"ListItem","position":1,"name":"Home","item":"http:\/\/mozdaniudar.org\/wp\/"},{"@type":"ListItem","position":2,"name":"Prijavite se za European Life After Stroke Forum"}]},{"@type":"Person","@id":"http:\/\/mozdaniudar.org\/wp\/#\/schema\/person\/c5eb40d50190fb44a97bf49a2690a11f","name":"admin","image":{"@type":"ImageObject","@id":"http:\/\/mozdaniudar.org\/wp\/#personlogo","inLanguage":"en-US","url":"https:\/\/secure.gravatar.com\/avatar\/1658a138ac00e9f4d9366de11ddb9d04?s=96&d=mm&r=g","contentUrl":"https:\/\/secure.gravatar.com\/avatar\/1658a138ac00e9f4d9366de11ddb9d04?s=96&d=mm&r=g","caption":"admin"},"url":"https:\/\/mozdaniudar.org\/wp\/author\/admin\/"}]}},"_links":{"self":[{"href":"https:\/\/mozdaniudar.org\/wp\/wp-json\/wp\/v2\/posts\/1027"}],"collection":[{"href":"https:\/\/mozdaniudar.org\/wp\/wp-json\/wp\/v2\/posts"}],"about":[{"href":"https:\/\/mozdaniudar.org\/wp\/wp-json\/wp\/v2\/types\/post"}],"author":[{"embeddable":true,"href":"https:\/\/mozdaniudar.org\/wp\/wp-json\/wp\/v2\/users\/1"}],"replies":[{"embeddable":true,"href":"https:\/\/mozdaniudar.org\/wp\/wp-json\/wp\/v2\/comments?post=1027"}],"version-history":[{"count":1,"href":"https:\/\/mozdaniudar.org\/wp\/wp-json\/wp\/v2\/posts\/1027\/revisions"}],"predecessor-version":[{"id":1030,"href":"https:\/\/mozdaniudar.org\/wp\/wp-json\/wp\/v2\/posts\/1027\/revisions\/1030"}],"wp:featuredmedia":[{"embeddable":true,"href":"https:\/\/mozdaniudar.org\/wp\/wp-json\/wp\/v2\/media\/1029"}],"wp:attachment":[{"href":"https:\/\/mozdaniudar.org\/wp\/wp-json\/wp\/v2\/media?parent=1027"}],"wp:term":[{"taxonomy":"category","embeddable":true,"href":"https:\/\/mozdaniudar.org\/wp\/wp-json\/wp\/v2\/categories?post=1027"},{"taxonomy":"post_tag","embeddable":true,"href":"https:\/\/mozdaniudar.org\/wp\/wp-json\/wp\/v2\/tags?post=1027"}],"curies":[{"name":"wp","href":"https:\/\/api.w.org\/{rel}","templated":true}]}}