{"id":38,"date":"2017-10-04T10:34:37","date_gmt":"2017-10-04T10:34:37","guid":{"rendered":"http:\/\/mozdaniudar.org\/wp\/?p=38"},"modified":"2017-10-04T10:46:34","modified_gmt":"2017-10-04T10:46:34","slug":"koji-je-vas-razlog-da-sprecite-mozdani-udar-wsd-2017","status":"publish","type":"post","link":"https:\/\/mozdaniudar.org\/wp\/2017\/10\/04\/koji-je-vas-razlog-da-sprecite-mozdani-udar-wsd-2017\/","title":{"rendered":"Koji je va\u0161 razlog da spre\u010dite mo\u017edani udar? #WSD 2017"},"content":{"rendered":"<p>Pod sloganom &#8220;Koji je va\u0161 razlog da spre\u010dite mo\u017edani udar&#8221;, ovogodi\u0161nja kampanja za Svetski dan mo\u017edanog udara (29. oktobar 2017.) bavi se prevecijom i apeluje na ljude da u\u010dine sve \u0161to je u njihovoj mo\u0107i da spre\u010de da do ove bolesti uop\u0161te do\u0111e.<\/p>\n<p><img loading=\"lazy\" class=\"wp-image-40 size-full aligncenter\" src=\"http:\/\/mozdaniudar.org\/wp\/wp-content\/uploads\/2017\/10\/wsd_facebook.jpg\" alt=\"\" width=\"828\" height=\"315\" srcset=\"https:\/\/mozdaniudar.org\/wp\/wp-content\/uploads\/2017\/10\/wsd_facebook.jpg 828w, https:\/\/mozdaniudar.org\/wp\/wp-content\/uploads\/2017\/10\/wsd_facebook-300x114.jpg 300w, https:\/\/mozdaniudar.org\/wp\/wp-content\/uploads\/2017\/10\/wsd_facebook-768x292.jpg 768w\" sizes=\"(max-width: 828px) 100vw, 828px\" \/><\/p>\n<p>U Srbiji svake godine oko 25.000 ljudi do\u017eivi mo\u017edani udar. Oko tre\u0107ine obolelih ostane sa trajnim posledicama i invaliditetom, dok oko tre\u0107ine odmah podlegne ovoj bolesti. Tek manje od 8.000 ljudi uspe da se vrati svom \u017eivotu kao pre bolesti.<\/p>\n<p>U Srbiji se i dalje malo zna o tome da je mo\u017edani udar hitno stanje i da postoji ograni\u010den vremenski prozor kad je mogu\u0107e spre\u010diti smrt ili invalidnost koje nastaju usled ove bolesti. Ipak, jo\u0161 ve\u0107i problem predstavlja nedostatak prevencije, kako primarne (pre prvog mo\u017edanog udara), tako i sekundarne (nakon prvog pre\u017eivljenog mo\u017edanog udara).<\/p>\n<p>Prema studiji pod nazivom &#8220;<a href=\"http:\/\/www.thelancet.com\/journals\/lancet\/article\/PIIS0140-6736(16)30506-2\/abstract\" target=\"_blank\" rel=\"noopener\"><strong>Interstroke<\/strong><\/a>&#8220;, 10 faktora rizika na koje je mogu\u0107e uticati odgovorno je za \u010dak 90% svih mo\u017edanih udara!<\/p>\n<p>Svetska organizacija za mo\u017edani udar omogu\u0107ila je na svom sajtu preuzimanje raznih materijala za podizanje svesti o mo\u017edanom udaru i ovogodi\u0161njoj kampanji. Sve te materijale mo\u017eete pogledati <a href=\"http:\/\/www.worldstrokecampaign.org\/\" target=\"_blank\" rel=\"noopener\">ovde<\/a>.<\/p>\n","protected":false},"excerpt":{"rendered":"<p>Pod sloganom &#8220;Koji je va\u0161 razlog da spre\u010dite mo\u017edani udar&#8221;, ovogodi\u0161nja kampanja za Svetski dan mo\u017edanog udara (29. oktobar 2017.)[&#8230;]<\/p>\n","protected":false},"author":1,"featured_media":43,"comment_status":"open","ping_status":"open","sticky":false,"template":"","format":"standard","meta":{"_mi_skip_tracking":false},"categories":[3],"tags":[],"yoast_head":"<!-- This site is optimized with the Yoast SEO plugin v18.2 - https:\/\/yoast.com\/wordpress\/plugins\/seo\/ -->\n<title>Koji je va\u0161 razlog da spre\u010dite mo\u017edani udar? #WSD 2017 -<\/title>\n<meta name=\"robots\" content=\"index, follow, max-snippet:-1, max-image-preview:large, max-video-preview:-1\" \/>\n<link rel=\"canonical\" href=\"https:\/\/mozdaniudar.org\/wp\/2017\/10\/04\/koji-je-vas-razlog-da-sprecite-mozdani-udar-wsd-2017\/\" \/>\n<meta property=\"og:locale\" content=\"en_US\" \/>\n<meta property=\"og:type\" content=\"article\" \/>\n<meta property=\"og:title\" content=\"Koji je va\u0161 razlog da spre\u010dite mo\u017edani udar? #WSD 2017 -\" \/>\n<meta property=\"og:description\" content=\"Pod sloganom &#8220;Koji je va\u0161 razlog da spre\u010dite mo\u017edani udar&#8221;, ovogodi\u0161nja kampanja za Svetski dan mo\u017edanog udara (29. oktobar 2017.)[...]\" \/>\n<meta property=\"og:url\" content=\"https:\/\/mozdaniudar.org\/wp\/2017\/10\/04\/koji-je-vas-razlog-da-sprecite-mozdani-udar-wsd-2017\/\" \/>\n<meta property=\"article:published_time\" content=\"2017-10-04T10:34:37+00:00\" \/>\n<meta property=\"article:modified_time\" content=\"2017-10-04T10:46:34+00:00\" \/>\n<meta property=\"og:image\" content=\"https:\/\/mozdaniudar.org\/wp\/wp-content\/uploads\/2017\/10\/wsd_facebook-1.jpg\" \/>\n\t<meta property=\"og:image:width\" content=\"828\" \/>\n\t<meta property=\"og:image:height\" content=\"315\" \/>\n\t<meta property=\"og:image:type\" content=\"image\/jpeg\" \/>\n<meta name=\"twitter:card\" content=\"summary\" \/>\n<meta name=\"twitter:label1\" content=\"Written by\" \/>\n\t<meta name=\"twitter:data1\" content=\"admin\" \/>\n\t<meta name=\"twitter:label2\" content=\"Est. reading time\" \/>\n\t<meta name=\"twitter:data2\" content=\"1 minute\" \/>\n<script type=\"application\/ld+json\" class=\"yoast-schema-graph\">{\"@context\":\"https:\/\/schema.org\",\"@graph\":[{\"@type\":\"WebSite\",\"@id\":\"http:\/\/mozdaniudar.org\/wp\/#website\",\"url\":\"http:\/\/mozdaniudar.org\/wp\/\",\"name\":\"\",\"description\":\"Sajt Udru\u017eenja &quot;Mo\u017edani udar&quot;\",\"potentialAction\":[{\"@type\":\"SearchAction\",\"target\":{\"@type\":\"EntryPoint\",\"urlTemplate\":\"http:\/\/mozdaniudar.org\/wp\/?s={search_term_string}\"},\"query-input\":\"required name=search_term_string\"}],\"inLanguage\":\"en-US\"},{\"@type\":\"ImageObject\",\"@id\":\"https:\/\/mozdaniudar.org\/wp\/2017\/10\/04\/koji-je-vas-razlog-da-sprecite-mozdani-udar-wsd-2017\/#primaryimage\",\"inLanguage\":\"en-US\",\"url\":\"https:\/\/mozdaniudar.org\/wp\/wp-content\/uploads\/2017\/10\/wsd_facebook-1.jpg\",\"contentUrl\":\"https:\/\/mozdaniudar.org\/wp\/wp-content\/uploads\/2017\/10\/wsd_facebook-1.jpg\",\"width\":828,\"height\":315},{\"@type\":\"WebPage\",\"@id\":\"https:\/\/mozdaniudar.org\/wp\/2017\/10\/04\/koji-je-vas-razlog-da-sprecite-mozdani-udar-wsd-2017\/#webpage\",\"url\":\"https:\/\/mozdaniudar.org\/wp\/2017\/10\/04\/koji-je-vas-razlog-da-sprecite-mozdani-udar-wsd-2017\/\",\"name\":\"Koji je va\u0161 razlog da spre\u010dite mo\u017edani udar? #WSD 2017 -\",\"isPartOf\":{\"@id\":\"http:\/\/mozdaniudar.org\/wp\/#website\"},\"primaryImageOfPage\":{\"@id\":\"https:\/\/mozdaniudar.org\/wp\/2017\/10\/04\/koji-je-vas-razlog-da-sprecite-mozdani-udar-wsd-2017\/#primaryimage\"},\"datePublished\":\"2017-10-04T10:34:37+00:00\",\"dateModified\":\"2017-10-04T10:46:34+00:00\",\"author\":{\"@id\":\"http:\/\/mozdaniudar.org\/wp\/#\/schema\/person\/c5eb40d50190fb44a97bf49a2690a11f\"},\"breadcrumb\":{\"@id\":\"https:\/\/mozdaniudar.org\/wp\/2017\/10\/04\/koji-je-vas-razlog-da-sprecite-mozdani-udar-wsd-2017\/#breadcrumb\"},\"inLanguage\":\"en-US\",\"potentialAction\":[{\"@type\":\"ReadAction\",\"target\":[\"https:\/\/mozdaniudar.org\/wp\/2017\/10\/04\/koji-je-vas-razlog-da-sprecite-mozdani-udar-wsd-2017\/\"]}]},{\"@type\":\"BreadcrumbList\",\"@id\":\"https:\/\/mozdaniudar.org\/wp\/2017\/10\/04\/koji-je-vas-razlog-da-sprecite-mozdani-udar-wsd-2017\/#breadcrumb\",\"itemListElement\":[{\"@type\":\"ListItem\",\"position\":1,\"name\":\"Home\",\"item\":\"http:\/\/mozdaniudar.org\/wp\/\"},{\"@type\":\"ListItem\",\"position\":2,\"name\":\"Koji je va\u0161 razlog da spre\u010dite mo\u017edani udar? #WSD 2017\"}]},{\"@type\":\"Person\",\"@id\":\"http:\/\/mozdaniudar.org\/wp\/#\/schema\/person\/c5eb40d50190fb44a97bf49a2690a11f\",\"name\":\"admin\",\"image\":{\"@type\":\"ImageObject\",\"@id\":\"http:\/\/mozdaniudar.org\/wp\/#personlogo\",\"inLanguage\":\"en-US\",\"url\":\"https:\/\/secure.gravatar.com\/avatar\/1658a138ac00e9f4d9366de11ddb9d04?s=96&d=mm&r=g\",\"contentUrl\":\"https:\/\/secure.gravatar.com\/avatar\/1658a138ac00e9f4d9366de11ddb9d04?s=96&d=mm&r=g\",\"caption\":\"admin\"},\"url\":\"https:\/\/mozdaniudar.org\/wp\/author\/admin\/\"}]}<\/script>\n<!-- \/ Yoast SEO plugin. -->","yoast_head_json":{"title":"Koji je va\u0161 razlog da spre\u010dite mo\u017edani udar? #WSD 2017 -","robots":{"index":"index","follow":"follow","max-snippet":"max-snippet:-1","max-image-preview":"max-image-preview:large","max-video-preview":"max-video-preview:-1"},"canonical":"https:\/\/mozdaniudar.org\/wp\/2017\/10\/04\/koji-je-vas-razlog-da-sprecite-mozdani-udar-wsd-2017\/","og_locale":"en_US","og_type":"article","og_title":"Koji je va\u0161 razlog da spre\u010dite mo\u017edani udar? #WSD 2017 -","og_description":"Pod sloganom &#8220;Koji je va\u0161 razlog da spre\u010dite mo\u017edani udar&#8221;, ovogodi\u0161nja kampanja za Svetski dan mo\u017edanog udara (29. oktobar 2017.)[...]","og_url":"https:\/\/mozdaniudar.org\/wp\/2017\/10\/04\/koji-je-vas-razlog-da-sprecite-mozdani-udar-wsd-2017\/","article_published_time":"2017-10-04T10:34:37+00:00","article_modified_time":"2017-10-04T10:46:34+00:00","og_image":[{"width":828,"height":315,"url":"https:\/\/mozdaniudar.org\/wp\/wp-content\/uploads\/2017\/10\/wsd_facebook-1.jpg","type":"image\/jpeg"}],"twitter_card":"summary","twitter_misc":{"Written by":"admin","Est. reading time":"1 minute"},"schema":{"@context":"https:\/\/schema.org","@graph":[{"@type":"WebSite","@id":"http:\/\/mozdaniudar.org\/wp\/#website","url":"http:\/\/mozdaniudar.org\/wp\/","name":"","description":"Sajt Udru\u017eenja &quot;Mo\u017edani udar&quot;","potentialAction":[{"@type":"SearchAction","target":{"@type":"EntryPoint","urlTemplate":"http:\/\/mozdaniudar.org\/wp\/?s={search_term_string}"},"query-input":"required name=search_term_string"}],"inLanguage":"en-US"},{"@type":"ImageObject","@id":"https:\/\/mozdaniudar.org\/wp\/2017\/10\/04\/koji-je-vas-razlog-da-sprecite-mozdani-udar-wsd-2017\/#primaryimage","inLanguage":"en-US","url":"https:\/\/mozdaniudar.org\/wp\/wp-content\/uploads\/2017\/10\/wsd_facebook-1.jpg","contentUrl":"https:\/\/mozdaniudar.org\/wp\/wp-content\/uploads\/2017\/10\/wsd_facebook-1.jpg","width":828,"height":315},{"@type":"WebPage","@id":"https:\/\/mozdaniudar.org\/wp\/2017\/10\/04\/koji-je-vas-razlog-da-sprecite-mozdani-udar-wsd-2017\/#webpage","url":"https:\/\/mozdaniudar.org\/wp\/2017\/10\/04\/koji-je-vas-razlog-da-sprecite-mozdani-udar-wsd-2017\/","name":"Koji je va\u0161 razlog da spre\u010dite mo\u017edani udar? #WSD 2017 -","isPartOf":{"@id":"http:\/\/mozdaniudar.org\/wp\/#website"},"primaryImageOfPage":{"@id":"https:\/\/mozdaniudar.org\/wp\/2017\/10\/04\/koji-je-vas-razlog-da-sprecite-mozdani-udar-wsd-2017\/#primaryimage"},"datePublished":"2017-10-04T10:34:37+00:00","dateModified":"2017-10-04T10:46:34+00:00","author":{"@id":"http:\/\/mozdaniudar.org\/wp\/#\/schema\/person\/c5eb40d50190fb44a97bf49a2690a11f"},"breadcrumb":{"@id":"https:\/\/mozdaniudar.org\/wp\/2017\/10\/04\/koji-je-vas-razlog-da-sprecite-mozdani-udar-wsd-2017\/#breadcrumb"},"inLanguage":"en-US","potentialAction":[{"@type":"ReadAction","target":["https:\/\/mozdaniudar.org\/wp\/2017\/10\/04\/koji-je-vas-razlog-da-sprecite-mozdani-udar-wsd-2017\/"]}]},{"@type":"BreadcrumbList","@id":"https:\/\/mozdaniudar.org\/wp\/2017\/10\/04\/koji-je-vas-razlog-da-sprecite-mozdani-udar-wsd-2017\/#breadcrumb","itemListElement":[{"@type":"ListItem","position":1,"name":"Home","item":"http:\/\/mozdaniudar.org\/wp\/"},{"@type":"ListItem","position":2,"name":"Koji je va\u0161 razlog da spre\u010dite mo\u017edani udar? #WSD 2017"}]},{"@type":"Person","@id":"http:\/\/mozdaniudar.org\/wp\/#\/schema\/person\/c5eb40d50190fb44a97bf49a2690a11f","name":"admin","image":{"@type":"ImageObject","@id":"http:\/\/mozdaniudar.org\/wp\/#personlogo","inLanguage":"en-US","url":"https:\/\/secure.gravatar.com\/avatar\/1658a138ac00e9f4d9366de11ddb9d04?s=96&d=mm&r=g","contentUrl":"https:\/\/secure.gravatar.com\/avatar\/1658a138ac00e9f4d9366de11ddb9d04?s=96&d=mm&r=g","caption":"admin"},"url":"https:\/\/mozdaniudar.org\/wp\/author\/admin\/"}]}},"_links":{"self":[{"href":"https:\/\/mozdaniudar.org\/wp\/wp-json\/wp\/v2\/posts\/38"}],"collection":[{"href":"https:\/\/mozdaniudar.org\/wp\/wp-json\/wp\/v2\/posts"}],"about":[{"href":"https:\/\/mozdaniudar.org\/wp\/wp-json\/wp\/v2\/types\/post"}],"author":[{"embeddable":true,"href":"https:\/\/mozdaniudar.org\/wp\/wp-json\/wp\/v2\/users\/1"}],"replies":[{"embeddable":true,"href":"https:\/\/mozdaniudar.org\/wp\/wp-json\/wp\/v2\/comments?post=38"}],"version-history":[{"count":4,"href":"https:\/\/mozdaniudar.org\/wp\/wp-json\/wp\/v2\/posts\/38\/revisions"}],"predecessor-version":[{"id":48,"href":"https:\/\/mozdaniudar.org\/wp\/wp-json\/wp\/v2\/posts\/38\/revisions\/48"}],"wp:featuredmedia":[{"embeddable":true,"href":"https:\/\/mozdaniudar.org\/wp\/wp-json\/wp\/v2\/media\/43"}],"wp:attachment":[{"href":"https:\/\/mozdaniudar.org\/wp\/wp-json\/wp\/v2\/media?parent=38"}],"wp:term":[{"taxonomy":"category","embeddable":true,"href":"https:\/\/mozdaniudar.org\/wp\/wp-json\/wp\/v2\/categories?post=38"},{"taxonomy":"post_tag","embeddable":true,"href":"https:\/\/mozdaniudar.org\/wp\/wp-json\/wp\/v2\/tags?post=38"}],"curies":[{"name":"wp","href":"https:\/\/api.w.org\/{rel}","templated":true}]}}