{"id":502,"date":"2019-06-03T07:15:09","date_gmt":"2019-06-03T07:15:09","guid":{"rendered":"http:\/\/mozdaniudar.org\/wp\/?p=502"},"modified":"2019-06-03T10:20:25","modified_gmt":"2019-06-03T10:20:25","slug":"strucni-skup-na-temu-atrijalne-fibrilacije-okupio-interniste-i-neurologe-pomoravskog-okruga","status":"publish","type":"post","link":"https:\/\/mozdaniudar.org\/wp\/2019\/06\/03\/strucni-skup-na-temu-atrijalne-fibrilacije-okupio-interniste-i-neurologe-pomoravskog-okruga\/","title":{"rendered":"Stru\u010dni skup na temu atrijalne fibrilacije okupio interniste i neurologe Pomoravskog okruga."},"content":{"rendered":"<p>U Jagodini je 15. Maja 2019 godine u hotelu \u201eWing\u201c uz veliku pomo\u0107 ADOC farme odr\u017ean stru\u010dni skup koji je okupio interniste i neurologe Pomoravskog okruga. Na skupu je govorio prof. dr Goran Mila\u0161inovi\u0107, direktor Pejsmejker centra KCS, kardiolog, i eminentni stru\u010dnjak u oblasti aritmija.<\/p>\n<p><img loading=\"lazy\" class=\"aligncenter wp-image-513\" src=\"http:\/\/mozdaniudar.org\/wp\/wp-content\/uploads\/2019\/06\/60778603_1332732306851448_4601459666935873536_o-1024x674.jpg\" alt=\"\" width=\"547\" height=\"360\" srcset=\"https:\/\/mozdaniudar.org\/wp\/wp-content\/uploads\/2019\/06\/60778603_1332732306851448_4601459666935873536_o-1024x674.jpg 1024w, https:\/\/mozdaniudar.org\/wp\/wp-content\/uploads\/2019\/06\/60778603_1332732306851448_4601459666935873536_o-300x197.jpg 300w, https:\/\/mozdaniudar.org\/wp\/wp-content\/uploads\/2019\/06\/60778603_1332732306851448_4601459666935873536_o-768x505.jpg 768w, https:\/\/mozdaniudar.org\/wp\/wp-content\/uploads\/2019\/06\/60778603_1332732306851448_4601459666935873536_o-120x80.jpg 120w, https:\/\/mozdaniudar.org\/wp\/wp-content\/uploads\/2019\/06\/60778603_1332732306851448_4601459666935873536_o.jpg 1280w\" sizes=\"(max-width: 547px) 100vw, 547px\" \/><\/p>\n<p>&nbsp;<\/p>\n<p>Imali smo izuzetno zadovoljstvo da prisustvujemo ovom stru\u010dnom skupu i informi\u0161emo se jo\u0161 vi\u0161e o atrijalnoj fibrilaciji. Podse\u0107amo, atrijalna fibrilacija je jedan od uzro\u010dnika mo\u017edanog udara. Obzirom na kampanje u vezi Evropskog dana mo\u017edanog udara, \u017eelimo da skrenemo pa\u017enju javnosti na atrijalnu fibrilaciju, o \u010demu smo nedavno pisali. Prezentaciju o pejsmejkerima odr\u017eao i dr Marko Lazi\u0107, internista iz Op\u0161te bolnice \u0106uprija, sa kojime smo <a href=\"http:\/\/mozdaniudar.org\/wp\/2019\/05\/14\/atrijalna-fibrilacija-uzrok-koji-izaziva-i-do-30-mozdanih-udara-nepoznatog-porekla\/\" target=\"_blank\" rel=\"noopener\">nedavno pri\u010dali o ovoj temi<\/a>.<\/p>\n<figure id=\"attachment_509\" aria-describedby=\"caption-attachment-509\" style=\"width: 329px\" class=\"wp-caption aligncenter\"><img loading=\"lazy\" class=\"wp-image-509\" src=\"http:\/\/mozdaniudar.org\/wp\/wp-content\/uploads\/2019\/06\/60472021_1332732246851454_6947653631902482432_n.jpg\" alt=\"\" width=\"329\" height=\"438\" srcset=\"https:\/\/mozdaniudar.org\/wp\/wp-content\/uploads\/2019\/06\/60472021_1332732246851454_6947653631902482432_n.jpg 720w, https:\/\/mozdaniudar.org\/wp\/wp-content\/uploads\/2019\/06\/60472021_1332732246851454_6947653631902482432_n-225x300.jpg 225w\" sizes=\"(max-width: 329px) 100vw, 329px\" \/><figcaption id=\"caption-attachment-509\" class=\"wp-caption-text\">prof. dr Goran Mila\u0161inovi\u0107<\/figcaption><\/figure>\n<p>&nbsp;<\/p>\n<p>Podse\u0107amo da je atrijalna fibrilacija naj\u010de\u0161\u0107a\u00a0 sr\u010dana aritmija koja nastaje u levoj pretkomori srca. Prati je nepravilni sr\u010danim rad i izostanak pretkomorske kontrakcije. Zbog ovoga u dzepu (aurikuli) leve pretkomore postoje uslovi za nastajanje krvnih ugru\u0161aka koji zatim mogu izazvati infarkte mozga, tj. mo\u017edane udare. Smatra se da do 30% mo\u017edanih udara mo\u017ee izazvati neprepoznata atrijalna fibrilacija.<\/p>\n<figure id=\"attachment_510\" aria-describedby=\"caption-attachment-510\" style=\"width: 663px\" class=\"wp-caption aligncenter\"><img loading=\"lazy\" class=\"wp-image-510\" src=\"http:\/\/mozdaniudar.org\/wp\/wp-content\/uploads\/2019\/06\/IMG-4ed9f1f327858998dd2d5023322a6d40-V-1024x576.jpg\" alt=\"\" width=\"663\" height=\"373\" srcset=\"https:\/\/mozdaniudar.org\/wp\/wp-content\/uploads\/2019\/06\/IMG-4ed9f1f327858998dd2d5023322a6d40-V-1024x576.jpg 1024w, https:\/\/mozdaniudar.org\/wp\/wp-content\/uploads\/2019\/06\/IMG-4ed9f1f327858998dd2d5023322a6d40-V-300x169.jpg 300w, https:\/\/mozdaniudar.org\/wp\/wp-content\/uploads\/2019\/06\/IMG-4ed9f1f327858998dd2d5023322a6d40-V-768x432.jpg 768w, https:\/\/mozdaniudar.org\/wp\/wp-content\/uploads\/2019\/06\/IMG-4ed9f1f327858998dd2d5023322a6d40-V.jpg 1280w\" sizes=\"(max-width: 663px) 100vw, 663px\" \/><figcaption id=\"caption-attachment-510\" class=\"wp-caption-text\">dr Marko Lazi\u0107<\/figcaption><\/figure>\n<p>Prof. Mila\u0161inovi\u0107 je govorio o ulozi i zna\u010daju flekainida za le\u010denje poreme\u0107aja sr\u010danog ritma, a nas je naro\u010dito interesovao deo o tome kako dijagnostikovati sublini\u010dku atrijalnu fibrilaciju. To je atrijalna fibrilacija bez simptoma, dakle pacijent nema neke tegobe, ne javi se lekaru, a postoji mogu\u0107nost da se stvori krvni ugru\u0161ak koji \u0107e izazvati mo\u017edani udar.<\/p>\n<figure id=\"attachment_512\" aria-describedby=\"caption-attachment-512\" style=\"width: 662px\" class=\"wp-caption aligncenter\"><img loading=\"lazy\" class=\"wp-image-512\" src=\"http:\/\/mozdaniudar.org\/wp\/wp-content\/uploads\/2019\/06\/60805806_1332732183518127_1965081910266822656_o-1024x657.jpg\" alt=\"\" width=\"662\" height=\"425\" srcset=\"https:\/\/mozdaniudar.org\/wp\/wp-content\/uploads\/2019\/06\/60805806_1332732183518127_1965081910266822656_o-1024x657.jpg 1024w, https:\/\/mozdaniudar.org\/wp\/wp-content\/uploads\/2019\/06\/60805806_1332732183518127_1965081910266822656_o-300x192.jpg 300w, https:\/\/mozdaniudar.org\/wp\/wp-content\/uploads\/2019\/06\/60805806_1332732183518127_1965081910266822656_o-768x493.jpg 768w, https:\/\/mozdaniudar.org\/wp\/wp-content\/uploads\/2019\/06\/60805806_1332732183518127_1965081910266822656_o.jpg 1040w\" sizes=\"(max-width: 662px) 100vw, 662px\" \/><figcaption id=\"caption-attachment-512\" class=\"wp-caption-text\">prezentacija prof. dr Mila\u0161inovi\u0107a. U pozadini se vidi na\u0161 poster<\/figcaption><\/figure>\n<p>Deo prezentacije je bio posve\u0107en novim metodama za otkrivanje atrijalne fibrilacije. Sada postoji i iPhone EKG aplikacija, pametni satovi koji bele\u017ee puls i EKG i olak\u0161avaju otkrivanje nepravilnog sr\u010danog rada.<\/p>\n<figure id=\"attachment_511\" aria-describedby=\"caption-attachment-511\" style=\"width: 666px\" class=\"wp-caption aligncenter\"><img loading=\"lazy\" class=\"wp-image-511\" src=\"http:\/\/mozdaniudar.org\/wp\/wp-content\/uploads\/2019\/06\/IMG-4d609f6e4cd8aa2e04e32cc6b5912503-V-1024x576.jpg\" alt=\"\" width=\"666\" height=\"375\" srcset=\"https:\/\/mozdaniudar.org\/wp\/wp-content\/uploads\/2019\/06\/IMG-4d609f6e4cd8aa2e04e32cc6b5912503-V-1024x576.jpg 1024w, https:\/\/mozdaniudar.org\/wp\/wp-content\/uploads\/2019\/06\/IMG-4d609f6e4cd8aa2e04e32cc6b5912503-V-300x169.jpg 300w, https:\/\/mozdaniudar.org\/wp\/wp-content\/uploads\/2019\/06\/IMG-4d609f6e4cd8aa2e04e32cc6b5912503-V-768x432.jpg 768w, https:\/\/mozdaniudar.org\/wp\/wp-content\/uploads\/2019\/06\/IMG-4d609f6e4cd8aa2e04e32cc6b5912503-V.jpg 1280w\" sizes=\"(max-width: 666px) 100vw, 666px\" \/><figcaption id=\"caption-attachment-511\" class=\"wp-caption-text\">mogu\u0107nosti za pra\u0107enje sr\u010danog rada su napredovale<\/figcaption><\/figure>\n<p>Nas je zanimalo koje su preporuke u vezi sistemataskog skrininga op\u0161te populacije. Skrining su medicinski preventivni pregledi gde se masovno poziva populacija sa ciljem ranog otkrivanja bolesti u trenutku kada ne postoje simptomi bolesti. Prof. Mila\u0161inovi\u0107 nam je ukazao da su sredstva za snimanje EKG-a razna, te da sada postoje aparati za merenje krvnog pritiska koji snimaju EKG kada registruju neravnomeran puls i taj EKG se \u0161alje lekaru, postoji mogu\u0107nost snimanja EKG-a i prilikom merenja temperature,\u00a0 ali da time nije re\u0161en problem u potpunosti, jer ova merenja obavljamo kada pacijent ne\u0161to oseti. Preporuke postoje za kori\u0161\u0107enje implantabilnog aparata koji automatski neprekidno snima ekg &#8211; vr\u0161i monitoring sr\u010danog ritma. Ovaj aparat ko\u0161ta oko 1000 eura i mo\u017ee se upotrebiti kod vi\u0161e pacijenata.<\/p>\n<figure id=\"attachment_515\" aria-describedby=\"caption-attachment-515\" style=\"width: 663px\" class=\"wp-caption aligncenter\"><img loading=\"lazy\" class=\"wp-image-515\" src=\"http:\/\/mozdaniudar.org\/wp\/wp-content\/uploads\/2019\/06\/IMG-6fc6395a5dd4de4a70e4af27ee18bc1f-V-1024x576.jpg\" alt=\"\" width=\"663\" height=\"373\" srcset=\"https:\/\/mozdaniudar.org\/wp\/wp-content\/uploads\/2019\/06\/IMG-6fc6395a5dd4de4a70e4af27ee18bc1f-V-1024x576.jpg 1024w, https:\/\/mozdaniudar.org\/wp\/wp-content\/uploads\/2019\/06\/IMG-6fc6395a5dd4de4a70e4af27ee18bc1f-V-300x169.jpg 300w, https:\/\/mozdaniudar.org\/wp\/wp-content\/uploads\/2019\/06\/IMG-6fc6395a5dd4de4a70e4af27ee18bc1f-V-768x432.jpg 768w, https:\/\/mozdaniudar.org\/wp\/wp-content\/uploads\/2019\/06\/IMG-6fc6395a5dd4de4a70e4af27ee18bc1f-V.jpg 1280w\" sizes=\"(max-width: 663px) 100vw, 663px\" \/><figcaption id=\"caption-attachment-515\" class=\"wp-caption-text\">Implantabilni aparati koji konstatntno snimaju EKG<\/figcaption><\/figure>\n<p>&nbsp;<\/p>\n<p>Zaklju\u010dak je da sistematski skrining kod op\u0161te populacije nije isplativ, \u0161to je potvrdila Studija kod koje su stanovnici jednog grada u \u0160vajcarskoj populacije oko 25000 stanovnika pozivani i svima je ura\u0111en EKG. Prona\u0111eno je samo 1% atrijalne fibrilacije . Preporuka kod starijih od 65 godina je &#8220;oportunisti\u010dko merenje pulsa&#8221;, dakle, kad pacijent dolazi u kod lekara na pregled merenje pulsa 15 sekundi, ili ukoliko sam pacijent prijavi plapitacije (ose\u0107aj nepravilnog rada &#8211; preskakanja srca). Iz ovoga mo\u017eemo da zaklju\u010dimo da je jako bitno da ako osetite nepravilan rad srca to prijavite lekaru. Ponovi\u0107emo da to mo\u017ee biti simptom atrijalne fibrilacije, i da u tom slu\u010daju postoji opasnost od nastanka tromba koji kasnije mo\u017ee izazvati mo\u017edani udar.<\/p>\n<p>U proteklom periodu \u017eeleli smo da Vam uka\u017eemo na zna\u010daj atrijalne fibrilacije, \u010duli \u0161ta eminentni stru\u010dnjaci preporu\u010duju, a ovo je sve idealan uvod u Svetsku nedelju sr\u010danog ritma koja se obele\u017eava od 3. do 9. juna, o \u010demu \u0107emo detaljnije pisati.<\/p>\n","protected":false},"excerpt":{"rendered":"<p>U Jagodini je 15. Maja 2019 godine u hotelu \u201eWing\u201c uz veliku pomo\u0107 ADOC farme odr\u017ean stru\u010dni skup koji je[&#8230;]<\/p>\n","protected":false},"author":1,"featured_media":513,"comment_status":"open","ping_status":"open","sticky":false,"template":"","format":"standard","meta":{"_mi_skip_tracking":false},"categories":[3],"tags":[28,27,4,29],"yoast_head":"<!-- This site is optimized with the Yoast SEO plugin v18.2 - https:\/\/yoast.com\/wordpress\/plugins\/seo\/ -->\n<title>Stru\u010dni skup na temu atrijalne fibrilacije okupio interniste i neurologe Pomoravskog okruga. -<\/title>\n<meta name=\"robots\" content=\"index, follow, max-snippet:-1, max-image-preview:large, max-video-preview:-1\" \/>\n<link rel=\"canonical\" href=\"https:\/\/mozdaniudar.org\/wp\/2019\/06\/03\/strucni-skup-na-temu-atrijalne-fibrilacije-okupio-interniste-i-neurologe-pomoravskog-okruga\/\" \/>\n<meta property=\"og:locale\" content=\"en_US\" \/>\n<meta property=\"og:type\" content=\"article\" \/>\n<meta property=\"og:title\" content=\"Stru\u010dni skup na temu atrijalne fibrilacije okupio interniste i neurologe Pomoravskog okruga. -\" \/>\n<meta property=\"og:description\" content=\"U Jagodini je 15. Maja 2019 godine u hotelu \u201eWing\u201c uz veliku pomo\u0107 ADOC farme odr\u017ean stru\u010dni skup koji je[...]\" \/>\n<meta property=\"og:url\" content=\"https:\/\/mozdaniudar.org\/wp\/2019\/06\/03\/strucni-skup-na-temu-atrijalne-fibrilacije-okupio-interniste-i-neurologe-pomoravskog-okruga\/\" \/>\n<meta property=\"article:published_time\" content=\"2019-06-03T07:15:09+00:00\" \/>\n<meta property=\"article:modified_time\" content=\"2019-06-03T10:20:25+00:00\" \/>\n<meta property=\"og:image\" content=\"https:\/\/mozdaniudar.org\/wp\/wp-content\/uploads\/2019\/06\/60778603_1332732306851448_4601459666935873536_o.jpg\" \/>\n\t<meta property=\"og:image:width\" content=\"1280\" \/>\n\t<meta property=\"og:image:height\" content=\"842\" \/>\n\t<meta property=\"og:image:type\" content=\"image\/jpeg\" \/>\n<meta name=\"twitter:card\" content=\"summary\" \/>\n<meta name=\"twitter:label1\" content=\"Written by\" \/>\n\t<meta name=\"twitter:data1\" content=\"admin\" \/>\n\t<meta name=\"twitter:label2\" content=\"Est. reading time\" \/>\n\t<meta name=\"twitter:data2\" content=\"3 minutes\" \/>\n<script type=\"application\/ld+json\" class=\"yoast-schema-graph\">{\"@context\":\"https:\/\/schema.org\",\"@graph\":[{\"@type\":\"WebSite\",\"@id\":\"http:\/\/mozdaniudar.org\/wp\/#website\",\"url\":\"http:\/\/mozdaniudar.org\/wp\/\",\"name\":\"\",\"description\":\"Sajt Udru\u017eenja &quot;Mo\u017edani udar&quot;\",\"potentialAction\":[{\"@type\":\"SearchAction\",\"target\":{\"@type\":\"EntryPoint\",\"urlTemplate\":\"http:\/\/mozdaniudar.org\/wp\/?s={search_term_string}\"},\"query-input\":\"required name=search_term_string\"}],\"inLanguage\":\"en-US\"},{\"@type\":\"ImageObject\",\"@id\":\"https:\/\/mozdaniudar.org\/wp\/2019\/06\/03\/strucni-skup-na-temu-atrijalne-fibrilacije-okupio-interniste-i-neurologe-pomoravskog-okruga\/#primaryimage\",\"inLanguage\":\"en-US\",\"url\":\"https:\/\/mozdaniudar.org\/wp\/wp-content\/uploads\/2019\/06\/60778603_1332732306851448_4601459666935873536_o.jpg\",\"contentUrl\":\"https:\/\/mozdaniudar.org\/wp\/wp-content\/uploads\/2019\/06\/60778603_1332732306851448_4601459666935873536_o.jpg\",\"width\":1280,\"height\":842},{\"@type\":\"WebPage\",\"@id\":\"https:\/\/mozdaniudar.org\/wp\/2019\/06\/03\/strucni-skup-na-temu-atrijalne-fibrilacije-okupio-interniste-i-neurologe-pomoravskog-okruga\/#webpage\",\"url\":\"https:\/\/mozdaniudar.org\/wp\/2019\/06\/03\/strucni-skup-na-temu-atrijalne-fibrilacije-okupio-interniste-i-neurologe-pomoravskog-okruga\/\",\"name\":\"Stru\u010dni skup na temu atrijalne fibrilacije okupio interniste i neurologe Pomoravskog okruga. -\",\"isPartOf\":{\"@id\":\"http:\/\/mozdaniudar.org\/wp\/#website\"},\"primaryImageOfPage\":{\"@id\":\"https:\/\/mozdaniudar.org\/wp\/2019\/06\/03\/strucni-skup-na-temu-atrijalne-fibrilacije-okupio-interniste-i-neurologe-pomoravskog-okruga\/#primaryimage\"},\"datePublished\":\"2019-06-03T07:15:09+00:00\",\"dateModified\":\"2019-06-03T10:20:25+00:00\",\"author\":{\"@id\":\"http:\/\/mozdaniudar.org\/wp\/#\/schema\/person\/c5eb40d50190fb44a97bf49a2690a11f\"},\"breadcrumb\":{\"@id\":\"https:\/\/mozdaniudar.org\/wp\/2019\/06\/03\/strucni-skup-na-temu-atrijalne-fibrilacije-okupio-interniste-i-neurologe-pomoravskog-okruga\/#breadcrumb\"},\"inLanguage\":\"en-US\",\"potentialAction\":[{\"@type\":\"ReadAction\",\"target\":[\"https:\/\/mozdaniudar.org\/wp\/2019\/06\/03\/strucni-skup-na-temu-atrijalne-fibrilacije-okupio-interniste-i-neurologe-pomoravskog-okruga\/\"]}]},{\"@type\":\"BreadcrumbList\",\"@id\":\"https:\/\/mozdaniudar.org\/wp\/2019\/06\/03\/strucni-skup-na-temu-atrijalne-fibrilacije-okupio-interniste-i-neurologe-pomoravskog-okruga\/#breadcrumb\",\"itemListElement\":[{\"@type\":\"ListItem\",\"position\":1,\"name\":\"Home\",\"item\":\"http:\/\/mozdaniudar.org\/wp\/\"},{\"@type\":\"ListItem\",\"position\":2,\"name\":\"Stru\u010dni skup na temu atrijalne fibrilacije okupio interniste i neurologe Pomoravskog okruga.\"}]},{\"@type\":\"Person\",\"@id\":\"http:\/\/mozdaniudar.org\/wp\/#\/schema\/person\/c5eb40d50190fb44a97bf49a2690a11f\",\"name\":\"admin\",\"image\":{\"@type\":\"ImageObject\",\"@id\":\"http:\/\/mozdaniudar.org\/wp\/#personlogo\",\"inLanguage\":\"en-US\",\"url\":\"https:\/\/secure.gravatar.com\/avatar\/1658a138ac00e9f4d9366de11ddb9d04?s=96&d=mm&r=g\",\"contentUrl\":\"https:\/\/secure.gravatar.com\/avatar\/1658a138ac00e9f4d9366de11ddb9d04?s=96&d=mm&r=g\",\"caption\":\"admin\"},\"url\":\"https:\/\/mozdaniudar.org\/wp\/author\/admin\/\"}]}<\/script>\n<!-- \/ Yoast SEO plugin. -->","yoast_head_json":{"title":"Stru\u010dni skup na temu atrijalne fibrilacije okupio interniste i neurologe Pomoravskog okruga. -","robots":{"index":"index","follow":"follow","max-snippet":"max-snippet:-1","max-image-preview":"max-image-preview:large","max-video-preview":"max-video-preview:-1"},"canonical":"https:\/\/mozdaniudar.org\/wp\/2019\/06\/03\/strucni-skup-na-temu-atrijalne-fibrilacije-okupio-interniste-i-neurologe-pomoravskog-okruga\/","og_locale":"en_US","og_type":"article","og_title":"Stru\u010dni skup na temu atrijalne fibrilacije okupio interniste i neurologe Pomoravskog okruga. -","og_description":"U Jagodini je 15. Maja 2019 godine u hotelu \u201eWing\u201c uz veliku pomo\u0107 ADOC farme odr\u017ean stru\u010dni skup koji je[...]","og_url":"https:\/\/mozdaniudar.org\/wp\/2019\/06\/03\/strucni-skup-na-temu-atrijalne-fibrilacije-okupio-interniste-i-neurologe-pomoravskog-okruga\/","article_published_time":"2019-06-03T07:15:09+00:00","article_modified_time":"2019-06-03T10:20:25+00:00","og_image":[{"width":1280,"height":842,"url":"https:\/\/mozdaniudar.org\/wp\/wp-content\/uploads\/2019\/06\/60778603_1332732306851448_4601459666935873536_o.jpg","type":"image\/jpeg"}],"twitter_card":"summary","twitter_misc":{"Written by":"admin","Est. reading time":"3 minutes"},"schema":{"@context":"https:\/\/schema.org","@graph":[{"@type":"WebSite","@id":"http:\/\/mozdaniudar.org\/wp\/#website","url":"http:\/\/mozdaniudar.org\/wp\/","name":"","description":"Sajt Udru\u017eenja &quot;Mo\u017edani udar&quot;","potentialAction":[{"@type":"SearchAction","target":{"@type":"EntryPoint","urlTemplate":"http:\/\/mozdaniudar.org\/wp\/?s={search_term_string}"},"query-input":"required name=search_term_string"}],"inLanguage":"en-US"},{"@type":"ImageObject","@id":"https:\/\/mozdaniudar.org\/wp\/2019\/06\/03\/strucni-skup-na-temu-atrijalne-fibrilacije-okupio-interniste-i-neurologe-pomoravskog-okruga\/#primaryimage","inLanguage":"en-US","url":"https:\/\/mozdaniudar.org\/wp\/wp-content\/uploads\/2019\/06\/60778603_1332732306851448_4601459666935873536_o.jpg","contentUrl":"https:\/\/mozdaniudar.org\/wp\/wp-content\/uploads\/2019\/06\/60778603_1332732306851448_4601459666935873536_o.jpg","width":1280,"height":842},{"@type":"WebPage","@id":"https:\/\/mozdaniudar.org\/wp\/2019\/06\/03\/strucni-skup-na-temu-atrijalne-fibrilacije-okupio-interniste-i-neurologe-pomoravskog-okruga\/#webpage","url":"https:\/\/mozdaniudar.org\/wp\/2019\/06\/03\/strucni-skup-na-temu-atrijalne-fibrilacije-okupio-interniste-i-neurologe-pomoravskog-okruga\/","name":"Stru\u010dni skup na temu atrijalne fibrilacije okupio interniste i neurologe Pomoravskog okruga. -","isPartOf":{"@id":"http:\/\/mozdaniudar.org\/wp\/#website"},"primaryImageOfPage":{"@id":"https:\/\/mozdaniudar.org\/wp\/2019\/06\/03\/strucni-skup-na-temu-atrijalne-fibrilacije-okupio-interniste-i-neurologe-pomoravskog-okruga\/#primaryimage"},"datePublished":"2019-06-03T07:15:09+00:00","dateModified":"2019-06-03T10:20:25+00:00","author":{"@id":"http:\/\/mozdaniudar.org\/wp\/#\/schema\/person\/c5eb40d50190fb44a97bf49a2690a11f"},"breadcrumb":{"@id":"https:\/\/mozdaniudar.org\/wp\/2019\/06\/03\/strucni-skup-na-temu-atrijalne-fibrilacije-okupio-interniste-i-neurologe-pomoravskog-okruga\/#breadcrumb"},"inLanguage":"en-US","potentialAction":[{"@type":"ReadAction","target":["https:\/\/mozdaniudar.org\/wp\/2019\/06\/03\/strucni-skup-na-temu-atrijalne-fibrilacije-okupio-interniste-i-neurologe-pomoravskog-okruga\/"]}]},{"@type":"BreadcrumbList","@id":"https:\/\/mozdaniudar.org\/wp\/2019\/06\/03\/strucni-skup-na-temu-atrijalne-fibrilacije-okupio-interniste-i-neurologe-pomoravskog-okruga\/#breadcrumb","itemListElement":[{"@type":"ListItem","position":1,"name":"Home","item":"http:\/\/mozdaniudar.org\/wp\/"},{"@type":"ListItem","position":2,"name":"Stru\u010dni skup na temu atrijalne fibrilacije okupio interniste i neurologe Pomoravskog okruga."}]},{"@type":"Person","@id":"http:\/\/mozdaniudar.org\/wp\/#\/schema\/person\/c5eb40d50190fb44a97bf49a2690a11f","name":"admin","image":{"@type":"ImageObject","@id":"http:\/\/mozdaniudar.org\/wp\/#personlogo","inLanguage":"en-US","url":"https:\/\/secure.gravatar.com\/avatar\/1658a138ac00e9f4d9366de11ddb9d04?s=96&d=mm&r=g","contentUrl":"https:\/\/secure.gravatar.com\/avatar\/1658a138ac00e9f4d9366de11ddb9d04?s=96&d=mm&r=g","caption":"admin"},"url":"https:\/\/mozdaniudar.org\/wp\/author\/admin\/"}]}},"_links":{"self":[{"href":"https:\/\/mozdaniudar.org\/wp\/wp-json\/wp\/v2\/posts\/502"}],"collection":[{"href":"https:\/\/mozdaniudar.org\/wp\/wp-json\/wp\/v2\/posts"}],"about":[{"href":"https:\/\/mozdaniudar.org\/wp\/wp-json\/wp\/v2\/types\/post"}],"author":[{"embeddable":true,"href":"https:\/\/mozdaniudar.org\/wp\/wp-json\/wp\/v2\/users\/1"}],"replies":[{"embeddable":true,"href":"https:\/\/mozdaniudar.org\/wp\/wp-json\/wp\/v2\/comments?post=502"}],"version-history":[{"count":4,"href":"https:\/\/mozdaniudar.org\/wp\/wp-json\/wp\/v2\/posts\/502\/revisions"}],"predecessor-version":[{"id":521,"href":"https:\/\/mozdaniudar.org\/wp\/wp-json\/wp\/v2\/posts\/502\/revisions\/521"}],"wp:featuredmedia":[{"embeddable":true,"href":"https:\/\/mozdaniudar.org\/wp\/wp-json\/wp\/v2\/media\/513"}],"wp:attachment":[{"href":"https:\/\/mozdaniudar.org\/wp\/wp-json\/wp\/v2\/media?parent=502"}],"wp:term":[{"taxonomy":"category","embeddable":true,"href":"https:\/\/mozdaniudar.org\/wp\/wp-json\/wp\/v2\/categories?post=502"},{"taxonomy":"post_tag","embeddable":true,"href":"https:\/\/mozdaniudar.org\/wp\/wp-json\/wp\/v2\/tags?post=502"}],"curies":[{"name":"wp","href":"https:\/\/api.w.org\/{rel}","templated":true}]}}