{"id":809,"date":"2021-05-11T10:07:08","date_gmt":"2021-05-11T10:07:08","guid":{"rendered":"http:\/\/mozdaniudar.org\/wp\/?p=809"},"modified":"2021-05-11T10:07:10","modified_gmt":"2021-05-11T10:07:10","slug":"ukljucivanje-u-projekat-osoba-koje-su-dozivele-mozdani-udar-svdstarget","status":"publish","type":"post","link":"https:\/\/mozdaniudar.org\/wp\/2021\/05\/11\/ukljucivanje-u-projekat-osoba-koje-su-dozivele-mozdani-udar-svdstarget\/","title":{"rendered":"Uklju\u010divanje u projekat osoba koje su do\u017eivele mo\u017edani udar &#8211; SVDS@target"},"content":{"rendered":"\n<p><strong>SVDS@target- za cilj ima prevenciju mo\u017edanog udara i demencije<\/strong><\/p>\n\n\n\n<p>SVD (Small Vessel Disease) je oboljenje malih krvnih sudova. Poga\u0111a male arterije u mozgu i odgovorna je za ve\u0107inu hemoragijskih mo\u017edanih udara (izliva krvi u mozgu), \u010detvrtinu ishemijskih mo\u017edanih udara i doprinosi u bar 40% slu\u010dajeva demencije. Trenutno ne postoji nijedno le\u010denje za ovo oboljenje i oni su tek delom shva\u0107eni. Ovaj projekat istra\u017euje naj\u010de\u0161\u0107e faktore u vi\u0161estrukim oboljenjima malih krvnih sudova poku\u0161a\u0107e da razvije nove oblike le\u010denja za ovo oboljenje koje dovodi do mo\u017edanog udara i demencije.<\/p>\n\n\n\n<figure class=\"wp-block-image size-large\"><img loading=\"lazy\" width=\"966\" height=\"557\" src=\"http:\/\/mozdaniudar.org\/wp\/wp-content\/uploads\/2021\/05\/SVDS-SLIKA.jpg\" alt=\"\" class=\"wp-image-810\" srcset=\"https:\/\/mozdaniudar.org\/wp\/wp-content\/uploads\/2021\/05\/SVDS-SLIKA.jpg 966w, https:\/\/mozdaniudar.org\/wp\/wp-content\/uploads\/2021\/05\/SVDS-SLIKA-300x173.jpg 300w, https:\/\/mozdaniudar.org\/wp\/wp-content\/uploads\/2021\/05\/SVDS-SLIKA-768x443.jpg 768w\" sizes=\"(max-width: 966px) 100vw, 966px\" \/><\/figure>\n\n\n\n<p><strong>Interviju sa pacijentom u njegovim sedamdesetim koji je u\u010destvovao u SVDs ispitivanjima, \u0160kotska<\/strong><\/p>\n\n\n\n<p>SAFE: Za\u0161to ste smtrali da je va\u017eno uzeti u\u010de\u0161\u0107e u klini\u010dkom ispitivanju Treat SVDS@target?<\/p>\n\n\n\n<p>Pacijent: <em>Smatrao sam da \u0107e mi biti od koristi jer je to zna\u010dilo da \u0107e moj krvni pritisak biti pra\u0107en dva puta dnevno tokom celog trajanja ispitivanja.<\/em><\/p>\n\n\n\n<p>SAFE: Da li ste imali strahova ili rezervi pre nego \u0161to ste doneli odluku?<\/p>\n\n\n\n<p>Pacijent: <em>Ne, nisam imao nikakvih briga.\u00a0<\/em>\u00a0\u00a0\u00a0\u00a0\u00a0\u00a0\u00a0\u00a0\u00a0\u00a0\u00a0\u00a0<\/p>\n\n\n\n<p>SAFE: Da li smatrate da ste imali koristi od u\u010de\u0161\u0107a?<\/p>\n\n\n\n<p>Pacijent: <em>Da, u\u010dinilo me je da ose\u0107am ve\u0107e samopouzdanje znaju\u0107i da mi se svakodnevno proverava krvni pritisak.<\/em><\/p>\n\n\n\n<p>SAFE: Koja su va\u0161a o\u010dekivanja nakon zavrsenog ispitivanja?<\/p>\n\n\n\n<p>Pacijent: <em>Ose\u0107am se mnogo lagodnije otkad u\u010destvujem.<\/em><\/p>\n\n\n\n<p>SAFE: \u0160ta biste rekli nekome ko razmi\u0161lja da li da uzme u\u010de\u0161\u0107e u ispitivanju?<\/p>\n\n\n\n<p>Pacijent: <em>Samo napred! To je sjajna ideja. Ose\u0107ao sam olak\u0161anje kada sam znao da mi se svakog dana tokom ispitivanja meri pritisak.<\/em><\/p>\n\n\n\n<p>SAFE: Ukoliko bi Vas pitali da u\u010destvujete u ispitivanju sada, da li bi pandemija uticala na Va\u0161u odluku?<\/p>\n\n\n\n<p>Pacijent: <em>Nije uticalo jer se sve radi od ku\u0107e. Ja bih izmerio krvni pritisak i na daljinu je nadgledan, tako da nisam morao da brinem da \u0107u do\u0107i u kontakt sa drugima tokom ispitivanja.<\/em><\/p>\n\n\n\n<p><strong>Intervju sa Stjuartom (52) koji je u\u010destvovao u SVDS ispitivanju u Velikoj Britaniji<\/strong><\/p>\n\n\n\n<p>Stjuart je zdrava aktivna osoba koja je imala lak\u0161i mo\u017edani udar pro\u0161log avgusta (2020)<\/p>\n\n\n\n<p>\u201c<em>Po\u010deo sam da se ose\u0107am lo\u0161e i imao sam peckanje u ruci u petak. U ponedeljak se i dalje nisam ose\u0107ao dobro pa sam pozvao NHS (Nacionalnu zdravstvenu slu\u017ebu) i nakon posete bolnici i ura\u0111enog skenera re\u010deno mi je da sam imao lak\u0161i mo\u017edani udar verovatno povezan sa \u010dinjenicom da imam povi\u0161en krvni pritisak zbog prekomerne telesne te\u017eine. Nisam mogao da vozim mesec dana i bio sam 5 nedelja van posla. Pitali su me da li \u017eelim da u\u010destvujem u klini\u010dkom ispitivanju i nakon razgovora sa sa porodicom odlu\u010dio sam da se prijavim. Nisam imao brige o tome da \u0107u biti izlo\u017een COVIDu -19. Ispitivanje se odvijalo u odvojenoj zgradi od bolnice i sastojalo se od NMR (magnetne rezonance) i pregleda. Glavna briga bila mi je radno vreme. Odlu\u010dio sam da u\u010destvujem u ispitivanju jer sam mislio da \u0107e mi to koristiti i nadam se da \u0107e biti od pomo\u0107i budu\u0107em le\u010denju drugih koji do\u017eive mo\u017edani udar. U\u010de\u0161\u0107e u ispitivanju zna\u010dilo je da sam bio pod nadzorom\u00a0 4-5 meseci. Imao sam redovne preglede i NMR skeniranja i to je zna\u010dilo da sam se ose\u0107ao smiren jer da su postojali drugi problem sa mojim zdravljem, brzo bi bili prime\u0107eni. To me je umirilo. Odlu\u010dan sam da u\u010dinim sve \u0161to mogu da spre\u010dim novi mo\u017edani udar. Ve\u0107 sam izgubio 12 kg I nadam se da skinem jo\u0161 6 ove godine. Izgleda da je sve u redu. Mo\u017edani udar mi je promenio \u017eivot \u2013 Sada sam u boljoj kondiciji, zdraviji i lak\u0161i nego pre i koristim lekove za krvni pritisak. U\u010destvovanje u ispitivanju za mene nije bilo ni\u0161ta drugo sem pozitivnog iskustva i preporu\u010dio bih svakome kome je ponu\u0111eno da u\u010destvuje<\/em>.&#8221;<\/p>\n\n\n\n<p><strong>Intervju sa Tonijem koji je do\u017eiveo mo\u017edani udar juna 2020 i u\u010destvovao u SVDS ispitivanju u Engleskoj<\/strong><\/p>\n\n\n\n<p>\u201c<em>Proverio sam istra\u017eivanje na njihovom sajtu i na sva moja pitanja i brige odgovarala je jedna od glavnih istra\u017eiva\u010da. Bila je fantasti\u010dna i sve je objasnila korak po korak tako da nisam brinuo o u\u010de\u0161\u0107u na ispitivanju. Uklju\u010divalo je (istra\u017eivanje) odlazak na Univerzitetsku kliniku i \u010detiri NMR snimanja tokom \u010detiri meseca. Tako\u0111e mi je meren krvni pritisak i dobio sam druga\u010dije lekove protiv krvnog pritiska tokom ispitivanja. Poslednje tablete su najbolje delovale i uzimam ih i sada. Imao sam problema sa levim okom i NMR skener je uhvatio leziju u delu mozga koja je uticala na moj vid. Nisam video nikoga iz Jedinice za mo\u017edani udar za vreme COVIDa \u2013 19 \u2013 samo svog fizioterapeuta svake 2 nedelje. Nisam brinuo o odlasku na lokaciju za ispitivanje kada mi je radjen NMR. Ose\u0107ao sam se potpuno bezbedno jer su prostorije bile odvojene od glavne bolnice tako da nisam brinuo o izlo\u017eenosti virusu. Istra\u017eiva\u010dki tim me je izuzetno dobro pazio tokom ispitivanja. Svi su bili fantasti\u010dni, i radiolozi (radiografi). Imao sam sre\u0107u da dobijem priliku da u\u010destvujem u SVDS. Zahvaljuju\u0107i ispitivanju, sada uzimam adekvatne lekove za krvni pritisak. Toplo bih preporu\u010dio u\u010de\u0161\u0107e u klini\u010dkom ispitivanju. Ukoliko ste nesigurni, istra\u017eite i Vi, pitajte o bilo kojim brigama koje me\u017eete imati pre nego da odlu\u010dite. Ako budem ponovo ponu\u0111en, ne\u0107u oklevati da u\u010destvujem u budu\u0107em ispitivanju.<\/em>&#8220;<\/p>\n","protected":false},"excerpt":{"rendered":"<p>SVDS@target- za cilj ima prevenciju mo\u017edanog udara i demencije SVD (Small Vessel Disease) je oboljenje malih krvnih sudova. Poga\u0111a male[&#8230;]<\/p>\n","protected":false},"author":1,"featured_media":810,"comment_status":"open","ping_status":"open","sticky":false,"template":"","format":"standard","meta":{"_mi_skip_tracking":false},"categories":[3],"tags":[],"yoast_head":"<!-- This site is optimized with the Yoast SEO plugin v18.2 - https:\/\/yoast.com\/wordpress\/plugins\/seo\/ -->\n<title>Uklju\u010divanje u projekat osoba koje su do\u017eivele mo\u017edani udar - SVDS@target -<\/title>\n<meta name=\"robots\" content=\"index, follow, max-snippet:-1, max-image-preview:large, max-video-preview:-1\" \/>\n<link rel=\"canonical\" href=\"https:\/\/mozdaniudar.org\/wp\/2021\/05\/11\/ukljucivanje-u-projekat-osoba-koje-su-dozivele-mozdani-udar-svdstarget\/\" \/>\n<meta property=\"og:locale\" content=\"en_US\" \/>\n<meta property=\"og:type\" content=\"article\" \/>\n<meta property=\"og:title\" content=\"Uklju\u010divanje u projekat osoba koje su do\u017eivele mo\u017edani udar - SVDS@target -\" \/>\n<meta property=\"og:description\" content=\"SVDS@target- za cilj ima prevenciju mo\u017edanog udara i demencije SVD (Small Vessel Disease) je oboljenje malih krvnih sudova. Poga\u0111a male[...]\" \/>\n<meta property=\"og:url\" content=\"https:\/\/mozdaniudar.org\/wp\/2021\/05\/11\/ukljucivanje-u-projekat-osoba-koje-su-dozivele-mozdani-udar-svdstarget\/\" \/>\n<meta property=\"article:published_time\" content=\"2021-05-11T10:07:08+00:00\" \/>\n<meta property=\"article:modified_time\" content=\"2021-05-11T10:07:10+00:00\" \/>\n<meta property=\"og:image\" content=\"https:\/\/mozdaniudar.org\/wp\/wp-content\/uploads\/2021\/05\/SVDS-SLIKA.jpg\" \/>\n\t<meta property=\"og:image:width\" content=\"966\" \/>\n\t<meta property=\"og:image:height\" content=\"557\" \/>\n\t<meta property=\"og:image:type\" content=\"image\/jpeg\" \/>\n<meta name=\"twitter:card\" content=\"summary\" \/>\n<meta name=\"twitter:label1\" content=\"Written by\" \/>\n\t<meta name=\"twitter:data1\" content=\"admin\" \/>\n\t<meta name=\"twitter:label2\" content=\"Est. reading time\" \/>\n\t<meta name=\"twitter:data2\" content=\"4 minutes\" \/>\n<script type=\"application\/ld+json\" class=\"yoast-schema-graph\">{\"@context\":\"https:\/\/schema.org\",\"@graph\":[{\"@type\":\"WebSite\",\"@id\":\"http:\/\/mozdaniudar.org\/wp\/#website\",\"url\":\"http:\/\/mozdaniudar.org\/wp\/\",\"name\":\"\",\"description\":\"Sajt Udru\u017eenja &quot;Mo\u017edani udar&quot;\",\"potentialAction\":[{\"@type\":\"SearchAction\",\"target\":{\"@type\":\"EntryPoint\",\"urlTemplate\":\"http:\/\/mozdaniudar.org\/wp\/?s={search_term_string}\"},\"query-input\":\"required name=search_term_string\"}],\"inLanguage\":\"en-US\"},{\"@type\":\"ImageObject\",\"@id\":\"https:\/\/mozdaniudar.org\/wp\/2021\/05\/11\/ukljucivanje-u-projekat-osoba-koje-su-dozivele-mozdani-udar-svdstarget\/#primaryimage\",\"inLanguage\":\"en-US\",\"url\":\"https:\/\/mozdaniudar.org\/wp\/wp-content\/uploads\/2021\/05\/SVDS-SLIKA.jpg\",\"contentUrl\":\"https:\/\/mozdaniudar.org\/wp\/wp-content\/uploads\/2021\/05\/SVDS-SLIKA.jpg\",\"width\":966,\"height\":557},{\"@type\":\"WebPage\",\"@id\":\"https:\/\/mozdaniudar.org\/wp\/2021\/05\/11\/ukljucivanje-u-projekat-osoba-koje-su-dozivele-mozdani-udar-svdstarget\/#webpage\",\"url\":\"https:\/\/mozdaniudar.org\/wp\/2021\/05\/11\/ukljucivanje-u-projekat-osoba-koje-su-dozivele-mozdani-udar-svdstarget\/\",\"name\":\"Uklju\u010divanje u projekat osoba koje su do\u017eivele mo\u017edani udar - SVDS@target -\",\"isPartOf\":{\"@id\":\"http:\/\/mozdaniudar.org\/wp\/#website\"},\"primaryImageOfPage\":{\"@id\":\"https:\/\/mozdaniudar.org\/wp\/2021\/05\/11\/ukljucivanje-u-projekat-osoba-koje-su-dozivele-mozdani-udar-svdstarget\/#primaryimage\"},\"datePublished\":\"2021-05-11T10:07:08+00:00\",\"dateModified\":\"2021-05-11T10:07:10+00:00\",\"author\":{\"@id\":\"http:\/\/mozdaniudar.org\/wp\/#\/schema\/person\/c5eb40d50190fb44a97bf49a2690a11f\"},\"breadcrumb\":{\"@id\":\"https:\/\/mozdaniudar.org\/wp\/2021\/05\/11\/ukljucivanje-u-projekat-osoba-koje-su-dozivele-mozdani-udar-svdstarget\/#breadcrumb\"},\"inLanguage\":\"en-US\",\"potentialAction\":[{\"@type\":\"ReadAction\",\"target\":[\"https:\/\/mozdaniudar.org\/wp\/2021\/05\/11\/ukljucivanje-u-projekat-osoba-koje-su-dozivele-mozdani-udar-svdstarget\/\"]}]},{\"@type\":\"BreadcrumbList\",\"@id\":\"https:\/\/mozdaniudar.org\/wp\/2021\/05\/11\/ukljucivanje-u-projekat-osoba-koje-su-dozivele-mozdani-udar-svdstarget\/#breadcrumb\",\"itemListElement\":[{\"@type\":\"ListItem\",\"position\":1,\"name\":\"Home\",\"item\":\"http:\/\/mozdaniudar.org\/wp\/\"},{\"@type\":\"ListItem\",\"position\":2,\"name\":\"Uklju\u010divanje u projekat osoba koje su do\u017eivele mo\u017edani udar &#8211; SVDS@target\"}]},{\"@type\":\"Person\",\"@id\":\"http:\/\/mozdaniudar.org\/wp\/#\/schema\/person\/c5eb40d50190fb44a97bf49a2690a11f\",\"name\":\"admin\",\"image\":{\"@type\":\"ImageObject\",\"@id\":\"http:\/\/mozdaniudar.org\/wp\/#personlogo\",\"inLanguage\":\"en-US\",\"url\":\"https:\/\/secure.gravatar.com\/avatar\/1658a138ac00e9f4d9366de11ddb9d04?s=96&d=mm&r=g\",\"contentUrl\":\"https:\/\/secure.gravatar.com\/avatar\/1658a138ac00e9f4d9366de11ddb9d04?s=96&d=mm&r=g\",\"caption\":\"admin\"},\"url\":\"https:\/\/mozdaniudar.org\/wp\/author\/admin\/\"}]}<\/script>\n<!-- \/ Yoast SEO plugin. -->","yoast_head_json":{"title":"Uklju\u010divanje u projekat osoba koje su do\u017eivele mo\u017edani udar - SVDS@target -","robots":{"index":"index","follow":"follow","max-snippet":"max-snippet:-1","max-image-preview":"max-image-preview:large","max-video-preview":"max-video-preview:-1"},"canonical":"https:\/\/mozdaniudar.org\/wp\/2021\/05\/11\/ukljucivanje-u-projekat-osoba-koje-su-dozivele-mozdani-udar-svdstarget\/","og_locale":"en_US","og_type":"article","og_title":"Uklju\u010divanje u projekat osoba koje su do\u017eivele mo\u017edani udar - SVDS@target -","og_description":"SVDS@target- za cilj ima prevenciju mo\u017edanog udara i demencije SVD (Small Vessel Disease) je oboljenje malih krvnih sudova. Poga\u0111a male[...]","og_url":"https:\/\/mozdaniudar.org\/wp\/2021\/05\/11\/ukljucivanje-u-projekat-osoba-koje-su-dozivele-mozdani-udar-svdstarget\/","article_published_time":"2021-05-11T10:07:08+00:00","article_modified_time":"2021-05-11T10:07:10+00:00","og_image":[{"width":966,"height":557,"url":"https:\/\/mozdaniudar.org\/wp\/wp-content\/uploads\/2021\/05\/SVDS-SLIKA.jpg","type":"image\/jpeg"}],"twitter_card":"summary","twitter_misc":{"Written by":"admin","Est. reading time":"4 minutes"},"schema":{"@context":"https:\/\/schema.org","@graph":[{"@type":"WebSite","@id":"http:\/\/mozdaniudar.org\/wp\/#website","url":"http:\/\/mozdaniudar.org\/wp\/","name":"","description":"Sajt Udru\u017eenja &quot;Mo\u017edani udar&quot;","potentialAction":[{"@type":"SearchAction","target":{"@type":"EntryPoint","urlTemplate":"http:\/\/mozdaniudar.org\/wp\/?s={search_term_string}"},"query-input":"required name=search_term_string"}],"inLanguage":"en-US"},{"@type":"ImageObject","@id":"https:\/\/mozdaniudar.org\/wp\/2021\/05\/11\/ukljucivanje-u-projekat-osoba-koje-su-dozivele-mozdani-udar-svdstarget\/#primaryimage","inLanguage":"en-US","url":"https:\/\/mozdaniudar.org\/wp\/wp-content\/uploads\/2021\/05\/SVDS-SLIKA.jpg","contentUrl":"https:\/\/mozdaniudar.org\/wp\/wp-content\/uploads\/2021\/05\/SVDS-SLIKA.jpg","width":966,"height":557},{"@type":"WebPage","@id":"https:\/\/mozdaniudar.org\/wp\/2021\/05\/11\/ukljucivanje-u-projekat-osoba-koje-su-dozivele-mozdani-udar-svdstarget\/#webpage","url":"https:\/\/mozdaniudar.org\/wp\/2021\/05\/11\/ukljucivanje-u-projekat-osoba-koje-su-dozivele-mozdani-udar-svdstarget\/","name":"Uklju\u010divanje u projekat osoba koje su do\u017eivele mo\u017edani udar - SVDS@target -","isPartOf":{"@id":"http:\/\/mozdaniudar.org\/wp\/#website"},"primaryImageOfPage":{"@id":"https:\/\/mozdaniudar.org\/wp\/2021\/05\/11\/ukljucivanje-u-projekat-osoba-koje-su-dozivele-mozdani-udar-svdstarget\/#primaryimage"},"datePublished":"2021-05-11T10:07:08+00:00","dateModified":"2021-05-11T10:07:10+00:00","author":{"@id":"http:\/\/mozdaniudar.org\/wp\/#\/schema\/person\/c5eb40d50190fb44a97bf49a2690a11f"},"breadcrumb":{"@id":"https:\/\/mozdaniudar.org\/wp\/2021\/05\/11\/ukljucivanje-u-projekat-osoba-koje-su-dozivele-mozdani-udar-svdstarget\/#breadcrumb"},"inLanguage":"en-US","potentialAction":[{"@type":"ReadAction","target":["https:\/\/mozdaniudar.org\/wp\/2021\/05\/11\/ukljucivanje-u-projekat-osoba-koje-su-dozivele-mozdani-udar-svdstarget\/"]}]},{"@type":"BreadcrumbList","@id":"https:\/\/mozdaniudar.org\/wp\/2021\/05\/11\/ukljucivanje-u-projekat-osoba-koje-su-dozivele-mozdani-udar-svdstarget\/#breadcrumb","itemListElement":[{"@type":"ListItem","position":1,"name":"Home","item":"http:\/\/mozdaniudar.org\/wp\/"},{"@type":"ListItem","position":2,"name":"Uklju\u010divanje u projekat osoba koje su do\u017eivele mo\u017edani udar &#8211; SVDS@target"}]},{"@type":"Person","@id":"http:\/\/mozdaniudar.org\/wp\/#\/schema\/person\/c5eb40d50190fb44a97bf49a2690a11f","name":"admin","image":{"@type":"ImageObject","@id":"http:\/\/mozdaniudar.org\/wp\/#personlogo","inLanguage":"en-US","url":"https:\/\/secure.gravatar.com\/avatar\/1658a138ac00e9f4d9366de11ddb9d04?s=96&d=mm&r=g","contentUrl":"https:\/\/secure.gravatar.com\/avatar\/1658a138ac00e9f4d9366de11ddb9d04?s=96&d=mm&r=g","caption":"admin"},"url":"https:\/\/mozdaniudar.org\/wp\/author\/admin\/"}]}},"_links":{"self":[{"href":"https:\/\/mozdaniudar.org\/wp\/wp-json\/wp\/v2\/posts\/809"}],"collection":[{"href":"https:\/\/mozdaniudar.org\/wp\/wp-json\/wp\/v2\/posts"}],"about":[{"href":"https:\/\/mozdaniudar.org\/wp\/wp-json\/wp\/v2\/types\/post"}],"author":[{"embeddable":true,"href":"https:\/\/mozdaniudar.org\/wp\/wp-json\/wp\/v2\/users\/1"}],"replies":[{"embeddable":true,"href":"https:\/\/mozdaniudar.org\/wp\/wp-json\/wp\/v2\/comments?post=809"}],"version-history":[{"count":1,"href":"https:\/\/mozdaniudar.org\/wp\/wp-json\/wp\/v2\/posts\/809\/revisions"}],"predecessor-version":[{"id":811,"href":"https:\/\/mozdaniudar.org\/wp\/wp-json\/wp\/v2\/posts\/809\/revisions\/811"}],"wp:featuredmedia":[{"embeddable":true,"href":"https:\/\/mozdaniudar.org\/wp\/wp-json\/wp\/v2\/media\/810"}],"wp:attachment":[{"href":"https:\/\/mozdaniudar.org\/wp\/wp-json\/wp\/v2\/media?parent=809"}],"wp:term":[{"taxonomy":"category","embeddable":true,"href":"https:\/\/mozdaniudar.org\/wp\/wp-json\/wp\/v2\/categories?post=809"},{"taxonomy":"post_tag","embeddable":true,"href":"https:\/\/mozdaniudar.org\/wp\/wp-json\/wp\/v2\/tags?post=809"}],"curies":[{"name":"wp","href":"https:\/\/api.w.org\/{rel}","templated":true}]}}