{"id":923,"date":"2023-10-25T11:40:59","date_gmt":"2023-10-25T11:40:59","guid":{"rendered":"http:\/\/mozdaniudar.org\/wp\/?p=923"},"modified":"2023-10-25T11:41:02","modified_gmt":"2023-10-25T11:41:02","slug":"evropski-life-after-stroke-forum-elasf-11-i-12-mart-2024","status":"publish","type":"post","link":"https:\/\/mozdaniudar.org\/wp\/2023\/10\/25\/evropski-life-after-stroke-forum-elasf-11-i-12-mart-2024\/","title":{"rendered":"Evropski Life After Stroke Forum (ELASF): 11. i 12. mart 2024."},"content":{"rendered":"\n<p>Ljudi sa mo\u017edanim udarom, negovatelji, zdravstveni profesionalci, istra\u017eiva\u010di \u2013 ELASF 2024 je za sve koji su zainteresovani u oblasti \u017eivota posle mo\u017edanog udara. Ovaj doga\u0111aj okuplja ljude raznolikih pozadina kako bi podelili svoje uvide, diskutovali o najnovijim istra\u017eivanjima, i istra\u017eili najbolja iskustva u \u010desto nedovoljno istra\u017eenom putovanju nakon mo\u017edanog udara.<\/p>\n\n\n\n<figure class=\"wp-block-image size-large\"><img loading=\"lazy\" width=\"1024\" height=\"536\" src=\"https:\/\/mozdaniudar.org\/wp\/wp-content\/uploads\/2023\/10\/ELASF-2024-Abstracts-Facebook-1200x628-1-1024x536.png\" alt=\"\" class=\"wp-image-924\" srcset=\"https:\/\/mozdaniudar.org\/wp\/wp-content\/uploads\/2023\/10\/ELASF-2024-Abstracts-Facebook-1200x628-1-1024x536.png 1024w, https:\/\/mozdaniudar.org\/wp\/wp-content\/uploads\/2023\/10\/ELASF-2024-Abstracts-Facebook-1200x628-1-300x157.png 300w, https:\/\/mozdaniudar.org\/wp\/wp-content\/uploads\/2023\/10\/ELASF-2024-Abstracts-Facebook-1200x628-1-768x402.png 768w, https:\/\/mozdaniudar.org\/wp\/wp-content\/uploads\/2023\/10\/ELASF-2024-Abstracts-Facebook-1200x628-1.png 1200w\" sizes=\"(max-width: 1024px) 100vw, 1024px\" \/><\/figure>\n\n\n\n<p><strong>Registracija je sada otvotrena!<\/strong><\/p>\n\n\n\n<p>ELASF 2024 sajt je aktivan i mo\u017eete rezervisati svoje mesto ve\u0107 sada. Kliknite na link da se registrujete: <\/p>\n\n\n\n<p>\ud83d\udc49 <a href=\"http:\/\/ELASF 2024 Registracija\" target=\"_blank\" rel=\"noreferrer noopener\">ELASF 2024 Registracija<\/a> \ud83d\udc48<\/p>\n\n\n\n<p><strong>Nacrt programa je u razvoju<\/strong><\/p>\n\n\n\n<p>Dok je finalni program u razvoju, zavirimo u neke teme koje \u0107e biti pokrivene na doga\u0111aju:<\/p>\n\n\n\n<ol type=\"1\"><li><strong>Kako izgleda \u201edobar\u201c \u017eivot nakon mo\u017edanog udara?<\/strong><\/li><li><strong>Smanjenje rizika od ponovnog mo\u017edanog udara<\/strong><\/li><li><strong>Prakti\u010dni saveti za promociju mentalnog zdravlja<\/strong><\/li><li><strong>Specifi\u010dne teme: upravljanje zamorom i\u00a0 vizuelni problemi nakon mo\u017edanog udara<\/strong><\/li><\/ol>\n\n\n\n<p><strong>Poziv za sa\u017eetke: Podelite svoje iskustvo<\/strong><\/p>\n\n\n\n<p>ELASF 2024 je va\u0161a prilika da doprinesete istra\u017eiva\u010dkom prostoru. Aktivno tra\u017eimo sa\u017eetke u dve kategorije:<\/p>\n\n\n\n<ol type=\"1\"><li><strong>Nau\u010dni sa\u017eeci<\/strong> \u2013 podelite va\u0161a istra\u017eivanja u vezi mo\u017edanog udara, bez obzira da li je u toku ili je zavr\u0161eno i pove\u017eite se sa kolegama u\u010desnicima doga\u0111aja<\/li><li><strong>Sa\u017eeci Usluga <\/strong>\u2013 Da li ste razvili inovativnu praksu u oblasti \u017eivota posle mo\u017edanog udara? Podelite va\u0161a iskustva i budite inspiracija drugima sa va\u0161im idejama<\/li><\/ol>\n\n\n\n<p><strong>Rok za prijavu sa\u017eetaka: <\/strong>2. novembar 2023.<\/p>\n\n\n\n<p>Kliknite ispod da po\u0161aljete va\u0161 sa\u017eetak:<\/p>\n\n\n\n<p>\ud83d\udc49  \ud83d\udc48<\/p>\n","protected":false},"excerpt":{"rendered":"<p>Ljudi sa mo\u017edanim udarom, negovatelji, zdravstveni profesionalci, istra\u017eiva\u010di \u2013 ELASF 2024 je za sve koji su zainteresovani u oblasti \u017eivota[&#8230;]<\/p>\n","protected":false},"author":1,"featured_media":924,"comment_status":"open","ping_status":"open","sticky":false,"template":"","format":"standard","meta":{"_mi_skip_tracking":false},"categories":[3],"tags":[53,16,5,31],"yoast_head":"<!-- This site is optimized with the Yoast SEO plugin v18.2 - https:\/\/yoast.com\/wordpress\/plugins\/seo\/ -->\n<title>Evropski Life After Stroke Forum (ELASF): 11. i 12. mart 2024. -<\/title>\n<meta name=\"robots\" content=\"index, follow, max-snippet:-1, max-image-preview:large, max-video-preview:-1\" \/>\n<link rel=\"canonical\" href=\"https:\/\/mozdaniudar.org\/wp\/2023\/10\/25\/evropski-life-after-stroke-forum-elasf-11-i-12-mart-2024\/\" \/>\n<meta property=\"og:locale\" content=\"en_US\" \/>\n<meta property=\"og:type\" content=\"article\" \/>\n<meta property=\"og:title\" content=\"Evropski Life After Stroke Forum (ELASF): 11. i 12. mart 2024. -\" \/>\n<meta property=\"og:description\" content=\"Ljudi sa mo\u017edanim udarom, negovatelji, zdravstveni profesionalci, istra\u017eiva\u010di \u2013 ELASF 2024 je za sve koji su zainteresovani u oblasti \u017eivota[...]\" \/>\n<meta property=\"og:url\" content=\"https:\/\/mozdaniudar.org\/wp\/2023\/10\/25\/evropski-life-after-stroke-forum-elasf-11-i-12-mart-2024\/\" \/>\n<meta property=\"article:published_time\" content=\"2023-10-25T11:40:59+00:00\" \/>\n<meta property=\"article:modified_time\" content=\"2023-10-25T11:41:02+00:00\" \/>\n<meta property=\"og:image\" content=\"https:\/\/mozdaniudar.org\/wp\/wp-content\/uploads\/2023\/10\/ELASF-2024-Abstracts-Facebook-1200x628-1.png\" \/>\n\t<meta property=\"og:image:width\" content=\"1200\" \/>\n\t<meta property=\"og:image:height\" content=\"628\" \/>\n\t<meta property=\"og:image:type\" content=\"image\/png\" \/>\n<meta name=\"twitter:card\" content=\"summary\" \/>\n<meta name=\"twitter:label1\" content=\"Written by\" \/>\n\t<meta name=\"twitter:data1\" content=\"admin\" \/>\n\t<meta name=\"twitter:label2\" content=\"Est. reading time\" \/>\n\t<meta name=\"twitter:data2\" content=\"2 minutes\" \/>\n<script type=\"application\/ld+json\" class=\"yoast-schema-graph\">{\"@context\":\"https:\/\/schema.org\",\"@graph\":[{\"@type\":\"WebSite\",\"@id\":\"http:\/\/mozdaniudar.org\/wp\/#website\",\"url\":\"http:\/\/mozdaniudar.org\/wp\/\",\"name\":\"\",\"description\":\"Sajt Udru\u017eenja &quot;Mo\u017edani udar&quot;\",\"potentialAction\":[{\"@type\":\"SearchAction\",\"target\":{\"@type\":\"EntryPoint\",\"urlTemplate\":\"http:\/\/mozdaniudar.org\/wp\/?s={search_term_string}\"},\"query-input\":\"required name=search_term_string\"}],\"inLanguage\":\"en-US\"},{\"@type\":\"ImageObject\",\"@id\":\"https:\/\/mozdaniudar.org\/wp\/2023\/10\/25\/evropski-life-after-stroke-forum-elasf-11-i-12-mart-2024\/#primaryimage\",\"inLanguage\":\"en-US\",\"url\":\"https:\/\/mozdaniudar.org\/wp\/wp-content\/uploads\/2023\/10\/ELASF-2024-Abstracts-Facebook-1200x628-1.png\",\"contentUrl\":\"https:\/\/mozdaniudar.org\/wp\/wp-content\/uploads\/2023\/10\/ELASF-2024-Abstracts-Facebook-1200x628-1.png\",\"width\":1200,\"height\":628},{\"@type\":\"WebPage\",\"@id\":\"https:\/\/mozdaniudar.org\/wp\/2023\/10\/25\/evropski-life-after-stroke-forum-elasf-11-i-12-mart-2024\/#webpage\",\"url\":\"https:\/\/mozdaniudar.org\/wp\/2023\/10\/25\/evropski-life-after-stroke-forum-elasf-11-i-12-mart-2024\/\",\"name\":\"Evropski Life After Stroke Forum (ELASF): 11. i 12. mart 2024. -\",\"isPartOf\":{\"@id\":\"http:\/\/mozdaniudar.org\/wp\/#website\"},\"primaryImageOfPage\":{\"@id\":\"https:\/\/mozdaniudar.org\/wp\/2023\/10\/25\/evropski-life-after-stroke-forum-elasf-11-i-12-mart-2024\/#primaryimage\"},\"datePublished\":\"2023-10-25T11:40:59+00:00\",\"dateModified\":\"2023-10-25T11:41:02+00:00\",\"author\":{\"@id\":\"http:\/\/mozdaniudar.org\/wp\/#\/schema\/person\/c5eb40d50190fb44a97bf49a2690a11f\"},\"breadcrumb\":{\"@id\":\"https:\/\/mozdaniudar.org\/wp\/2023\/10\/25\/evropski-life-after-stroke-forum-elasf-11-i-12-mart-2024\/#breadcrumb\"},\"inLanguage\":\"en-US\",\"potentialAction\":[{\"@type\":\"ReadAction\",\"target\":[\"https:\/\/mozdaniudar.org\/wp\/2023\/10\/25\/evropski-life-after-stroke-forum-elasf-11-i-12-mart-2024\/\"]}]},{\"@type\":\"BreadcrumbList\",\"@id\":\"https:\/\/mozdaniudar.org\/wp\/2023\/10\/25\/evropski-life-after-stroke-forum-elasf-11-i-12-mart-2024\/#breadcrumb\",\"itemListElement\":[{\"@type\":\"ListItem\",\"position\":1,\"name\":\"Home\",\"item\":\"http:\/\/mozdaniudar.org\/wp\/\"},{\"@type\":\"ListItem\",\"position\":2,\"name\":\"Evropski Life After Stroke Forum (ELASF): 11. i 12. mart 2024.\"}]},{\"@type\":\"Person\",\"@id\":\"http:\/\/mozdaniudar.org\/wp\/#\/schema\/person\/c5eb40d50190fb44a97bf49a2690a11f\",\"name\":\"admin\",\"image\":{\"@type\":\"ImageObject\",\"@id\":\"http:\/\/mozdaniudar.org\/wp\/#personlogo\",\"inLanguage\":\"en-US\",\"url\":\"https:\/\/secure.gravatar.com\/avatar\/1658a138ac00e9f4d9366de11ddb9d04?s=96&d=mm&r=g\",\"contentUrl\":\"https:\/\/secure.gravatar.com\/avatar\/1658a138ac00e9f4d9366de11ddb9d04?s=96&d=mm&r=g\",\"caption\":\"admin\"},\"url\":\"https:\/\/mozdaniudar.org\/wp\/author\/admin\/\"}]}<\/script>\n<!-- \/ Yoast SEO plugin. -->","yoast_head_json":{"title":"Evropski Life After Stroke Forum (ELASF): 11. i 12. mart 2024. -","robots":{"index":"index","follow":"follow","max-snippet":"max-snippet:-1","max-image-preview":"max-image-preview:large","max-video-preview":"max-video-preview:-1"},"canonical":"https:\/\/mozdaniudar.org\/wp\/2023\/10\/25\/evropski-life-after-stroke-forum-elasf-11-i-12-mart-2024\/","og_locale":"en_US","og_type":"article","og_title":"Evropski Life After Stroke Forum (ELASF): 11. i 12. mart 2024. -","og_description":"Ljudi sa mo\u017edanim udarom, negovatelji, zdravstveni profesionalci, istra\u017eiva\u010di \u2013 ELASF 2024 je za sve koji su zainteresovani u oblasti \u017eivota[...]","og_url":"https:\/\/mozdaniudar.org\/wp\/2023\/10\/25\/evropski-life-after-stroke-forum-elasf-11-i-12-mart-2024\/","article_published_time":"2023-10-25T11:40:59+00:00","article_modified_time":"2023-10-25T11:41:02+00:00","og_image":[{"width":1200,"height":628,"url":"https:\/\/mozdaniudar.org\/wp\/wp-content\/uploads\/2023\/10\/ELASF-2024-Abstracts-Facebook-1200x628-1.png","type":"image\/png"}],"twitter_card":"summary","twitter_misc":{"Written by":"admin","Est. reading time":"2 minutes"},"schema":{"@context":"https:\/\/schema.org","@graph":[{"@type":"WebSite","@id":"http:\/\/mozdaniudar.org\/wp\/#website","url":"http:\/\/mozdaniudar.org\/wp\/","name":"","description":"Sajt Udru\u017eenja &quot;Mo\u017edani udar&quot;","potentialAction":[{"@type":"SearchAction","target":{"@type":"EntryPoint","urlTemplate":"http:\/\/mozdaniudar.org\/wp\/?s={search_term_string}"},"query-input":"required name=search_term_string"}],"inLanguage":"en-US"},{"@type":"ImageObject","@id":"https:\/\/mozdaniudar.org\/wp\/2023\/10\/25\/evropski-life-after-stroke-forum-elasf-11-i-12-mart-2024\/#primaryimage","inLanguage":"en-US","url":"https:\/\/mozdaniudar.org\/wp\/wp-content\/uploads\/2023\/10\/ELASF-2024-Abstracts-Facebook-1200x628-1.png","contentUrl":"https:\/\/mozdaniudar.org\/wp\/wp-content\/uploads\/2023\/10\/ELASF-2024-Abstracts-Facebook-1200x628-1.png","width":1200,"height":628},{"@type":"WebPage","@id":"https:\/\/mozdaniudar.org\/wp\/2023\/10\/25\/evropski-life-after-stroke-forum-elasf-11-i-12-mart-2024\/#webpage","url":"https:\/\/mozdaniudar.org\/wp\/2023\/10\/25\/evropski-life-after-stroke-forum-elasf-11-i-12-mart-2024\/","name":"Evropski Life After Stroke Forum (ELASF): 11. i 12. mart 2024. -","isPartOf":{"@id":"http:\/\/mozdaniudar.org\/wp\/#website"},"primaryImageOfPage":{"@id":"https:\/\/mozdaniudar.org\/wp\/2023\/10\/25\/evropski-life-after-stroke-forum-elasf-11-i-12-mart-2024\/#primaryimage"},"datePublished":"2023-10-25T11:40:59+00:00","dateModified":"2023-10-25T11:41:02+00:00","author":{"@id":"http:\/\/mozdaniudar.org\/wp\/#\/schema\/person\/c5eb40d50190fb44a97bf49a2690a11f"},"breadcrumb":{"@id":"https:\/\/mozdaniudar.org\/wp\/2023\/10\/25\/evropski-life-after-stroke-forum-elasf-11-i-12-mart-2024\/#breadcrumb"},"inLanguage":"en-US","potentialAction":[{"@type":"ReadAction","target":["https:\/\/mozdaniudar.org\/wp\/2023\/10\/25\/evropski-life-after-stroke-forum-elasf-11-i-12-mart-2024\/"]}]},{"@type":"BreadcrumbList","@id":"https:\/\/mozdaniudar.org\/wp\/2023\/10\/25\/evropski-life-after-stroke-forum-elasf-11-i-12-mart-2024\/#breadcrumb","itemListElement":[{"@type":"ListItem","position":1,"name":"Home","item":"http:\/\/mozdaniudar.org\/wp\/"},{"@type":"ListItem","position":2,"name":"Evropski Life After Stroke Forum (ELASF): 11. i 12. mart 2024."}]},{"@type":"Person","@id":"http:\/\/mozdaniudar.org\/wp\/#\/schema\/person\/c5eb40d50190fb44a97bf49a2690a11f","name":"admin","image":{"@type":"ImageObject","@id":"http:\/\/mozdaniudar.org\/wp\/#personlogo","inLanguage":"en-US","url":"https:\/\/secure.gravatar.com\/avatar\/1658a138ac00e9f4d9366de11ddb9d04?s=96&d=mm&r=g","contentUrl":"https:\/\/secure.gravatar.com\/avatar\/1658a138ac00e9f4d9366de11ddb9d04?s=96&d=mm&r=g","caption":"admin"},"url":"https:\/\/mozdaniudar.org\/wp\/author\/admin\/"}]}},"_links":{"self":[{"href":"https:\/\/mozdaniudar.org\/wp\/wp-json\/wp\/v2\/posts\/923"}],"collection":[{"href":"https:\/\/mozdaniudar.org\/wp\/wp-json\/wp\/v2\/posts"}],"about":[{"href":"https:\/\/mozdaniudar.org\/wp\/wp-json\/wp\/v2\/types\/post"}],"author":[{"embeddable":true,"href":"https:\/\/mozdaniudar.org\/wp\/wp-json\/wp\/v2\/users\/1"}],"replies":[{"embeddable":true,"href":"https:\/\/mozdaniudar.org\/wp\/wp-json\/wp\/v2\/comments?post=923"}],"version-history":[{"count":1,"href":"https:\/\/mozdaniudar.org\/wp\/wp-json\/wp\/v2\/posts\/923\/revisions"}],"predecessor-version":[{"id":925,"href":"https:\/\/mozdaniudar.org\/wp\/wp-json\/wp\/v2\/posts\/923\/revisions\/925"}],"wp:featuredmedia":[{"embeddable":true,"href":"https:\/\/mozdaniudar.org\/wp\/wp-json\/wp\/v2\/media\/924"}],"wp:attachment":[{"href":"https:\/\/mozdaniudar.org\/wp\/wp-json\/wp\/v2\/media?parent=923"}],"wp:term":[{"taxonomy":"category","embeddable":true,"href":"https:\/\/mozdaniudar.org\/wp\/wp-json\/wp\/v2\/categories?post=923"},{"taxonomy":"post_tag","embeddable":true,"href":"https:\/\/mozdaniudar.org\/wp\/wp-json\/wp\/v2\/tags?post=923"}],"curies":[{"name":"wp","href":"https:\/\/api.w.org\/{rel}","templated":true}]}}