{"id":96,"date":"2017-10-31T12:17:44","date_gmt":"2017-10-31T12:17:44","guid":{"rendered":"http:\/\/mozdaniudar.org\/wp\/?p=96"},"modified":"2017-10-31T12:21:01","modified_gmt":"2017-10-31T12:21:01","slug":"nikad-nije-kasno-covek-nakon-mozdanog-udara-proba-da-ostvari-svoj-san-pesmom","status":"publish","type":"post","link":"https:\/\/mozdaniudar.org\/wp\/2017\/10\/31\/nikad-nije-kasno-covek-nakon-mozdanog-udara-proba-da-ostvari-svoj-san-pesmom\/","title":{"rendered":"Nikad nije kasno: \u010covek nakon mo\u017edanog udara probao da ostvari svoj san pesmom"},"content":{"rendered":"<p>Pogledajte snimak iz popularne emisije &#8220;Nikad nije kasno&#8221; o \u010doveku koji je pre\u017eiveo mo\u017edani udar, a onda odlu\u010dio da ostvari svoj san i poka\u017ee svima svoj talenat za pevanje.<\/p>\n<p><iframe src=\"https:\/\/www.youtube.com\/embed\/Zj3Vz779GDc?start=4705\" width=\"560\" height=\"315\" frameborder=\"0\" allowfullscreen=\"allowfullscreen\"><\/iframe><\/p>\n","protected":false},"excerpt":{"rendered":"<p>Pogledajte snimak iz popularne emisije &#8220;Nikad nije kasno&#8221; o \u010doveku koji je pre\u017eiveo mo\u017edani udar, a onda odlu\u010dio da ostvari[&#8230;]<\/p>\n","protected":false},"author":1,"featured_media":98,"comment_status":"open","ping_status":"open","sticky":false,"template":"","format":"standard","meta":{"_mi_skip_tracking":false},"categories":[1],"tags":[],"yoast_head":"<!-- This site is optimized with the Yoast SEO plugin v18.2 - https:\/\/yoast.com\/wordpress\/plugins\/seo\/ -->\n<title>Nikad nije kasno: \u010covek nakon mo\u017edanog udara probao da ostvari svoj san pesmom -<\/title>\n<meta name=\"robots\" content=\"index, follow, max-snippet:-1, max-image-preview:large, max-video-preview:-1\" \/>\n<link rel=\"canonical\" href=\"https:\/\/mozdaniudar.org\/wp\/2017\/10\/31\/nikad-nije-kasno-covek-nakon-mozdanog-udara-proba-da-ostvari-svoj-san-pesmom\/\" \/>\n<meta property=\"og:locale\" content=\"en_US\" \/>\n<meta property=\"og:type\" content=\"article\" \/>\n<meta property=\"og:title\" content=\"Nikad nije kasno: \u010covek nakon mo\u017edanog udara probao da ostvari svoj san pesmom -\" \/>\n<meta property=\"og:description\" content=\"Pogledajte snimak iz popularne emisije &#8220;Nikad nije kasno&#8221; o \u010doveku koji je pre\u017eiveo mo\u017edani udar, a onda odlu\u010dio da ostvari[...]\" \/>\n<meta property=\"og:url\" content=\"https:\/\/mozdaniudar.org\/wp\/2017\/10\/31\/nikad-nije-kasno-covek-nakon-mozdanog-udara-proba-da-ostvari-svoj-san-pesmom\/\" \/>\n<meta property=\"article:published_time\" content=\"2017-10-31T12:17:44+00:00\" \/>\n<meta property=\"article:modified_time\" content=\"2017-10-31T12:21:01+00:00\" \/>\n<meta property=\"og:image\" content=\"https:\/\/mozdaniudar.org\/wp\/wp-content\/uploads\/2017\/10\/nikad-nije-kasno.jpg\" \/>\n\t<meta property=\"og:image:width\" content=\"619\" \/>\n\t<meta property=\"og:image:height\" content=\"347\" \/>\n\t<meta property=\"og:image:type\" content=\"image\/jpeg\" \/>\n<meta name=\"twitter:card\" content=\"summary\" \/>\n<meta name=\"twitter:label1\" content=\"Written by\" \/>\n\t<meta name=\"twitter:data1\" content=\"admin\" \/>\n<script type=\"application\/ld+json\" class=\"yoast-schema-graph\">{\"@context\":\"https:\/\/schema.org\",\"@graph\":[{\"@type\":\"WebSite\",\"@id\":\"https:\/\/mozdaniudar.org\/wp\/#website\",\"url\":\"https:\/\/mozdaniudar.org\/wp\/\",\"name\":\"\",\"description\":\"Sajt Udru\u017eenja &quot;Mo\u017edani udar&quot;\",\"potentialAction\":[{\"@type\":\"SearchAction\",\"target\":{\"@type\":\"EntryPoint\",\"urlTemplate\":\"https:\/\/mozdaniudar.org\/wp\/?s={search_term_string}\"},\"query-input\":\"required name=search_term_string\"}],\"inLanguage\":\"en-US\"},{\"@type\":\"ImageObject\",\"@id\":\"https:\/\/mozdaniudar.org\/wp\/2017\/10\/31\/nikad-nije-kasno-covek-nakon-mozdanog-udara-proba-da-ostvari-svoj-san-pesmom\/#primaryimage\",\"inLanguage\":\"en-US\",\"url\":\"https:\/\/mozdaniudar.org\/wp\/wp-content\/uploads\/2017\/10\/nikad-nije-kasno.jpg\",\"contentUrl\":\"https:\/\/mozdaniudar.org\/wp\/wp-content\/uploads\/2017\/10\/nikad-nije-kasno.jpg\",\"width\":619,\"height\":347},{\"@type\":\"WebPage\",\"@id\":\"https:\/\/mozdaniudar.org\/wp\/2017\/10\/31\/nikad-nije-kasno-covek-nakon-mozdanog-udara-proba-da-ostvari-svoj-san-pesmom\/#webpage\",\"url\":\"https:\/\/mozdaniudar.org\/wp\/2017\/10\/31\/nikad-nije-kasno-covek-nakon-mozdanog-udara-proba-da-ostvari-svoj-san-pesmom\/\",\"name\":\"Nikad nije kasno: \u010covek nakon mo\u017edanog udara probao da ostvari svoj san pesmom -\",\"isPartOf\":{\"@id\":\"https:\/\/mozdaniudar.org\/wp\/#website\"},\"primaryImageOfPage\":{\"@id\":\"https:\/\/mozdaniudar.org\/wp\/2017\/10\/31\/nikad-nije-kasno-covek-nakon-mozdanog-udara-proba-da-ostvari-svoj-san-pesmom\/#primaryimage\"},\"datePublished\":\"2017-10-31T12:17:44+00:00\",\"dateModified\":\"2017-10-31T12:21:01+00:00\",\"author\":{\"@id\":\"https:\/\/mozdaniudar.org\/wp\/#\/schema\/person\/c5eb40d50190fb44a97bf49a2690a11f\"},\"breadcrumb\":{\"@id\":\"https:\/\/mozdaniudar.org\/wp\/2017\/10\/31\/nikad-nije-kasno-covek-nakon-mozdanog-udara-proba-da-ostvari-svoj-san-pesmom\/#breadcrumb\"},\"inLanguage\":\"en-US\",\"potentialAction\":[{\"@type\":\"ReadAction\",\"target\":[\"https:\/\/mozdaniudar.org\/wp\/2017\/10\/31\/nikad-nije-kasno-covek-nakon-mozdanog-udara-proba-da-ostvari-svoj-san-pesmom\/\"]}]},{\"@type\":\"BreadcrumbList\",\"@id\":\"https:\/\/mozdaniudar.org\/wp\/2017\/10\/31\/nikad-nije-kasno-covek-nakon-mozdanog-udara-proba-da-ostvari-svoj-san-pesmom\/#breadcrumb\",\"itemListElement\":[{\"@type\":\"ListItem\",\"position\":1,\"name\":\"Home\",\"item\":\"https:\/\/mozdaniudar.org\/wp\/\"},{\"@type\":\"ListItem\",\"position\":2,\"name\":\"Nikad nije kasno: \u010covek nakon mo\u017edanog udara probao da ostvari svoj san pesmom\"}]},{\"@type\":\"Person\",\"@id\":\"https:\/\/mozdaniudar.org\/wp\/#\/schema\/person\/c5eb40d50190fb44a97bf49a2690a11f\",\"name\":\"admin\",\"image\":{\"@type\":\"ImageObject\",\"@id\":\"https:\/\/mozdaniudar.org\/wp\/#personlogo\",\"inLanguage\":\"en-US\",\"url\":\"https:\/\/secure.gravatar.com\/avatar\/1658a138ac00e9f4d9366de11ddb9d04?s=96&d=mm&r=g\",\"contentUrl\":\"https:\/\/secure.gravatar.com\/avatar\/1658a138ac00e9f4d9366de11ddb9d04?s=96&d=mm&r=g\",\"caption\":\"admin\"},\"url\":\"https:\/\/mozdaniudar.org\/wp\/author\/admin\/\"}]}<\/script>\n<!-- \/ Yoast SEO plugin. -->","yoast_head_json":{"title":"Nikad nije kasno: \u010covek nakon mo\u017edanog udara probao da ostvari svoj san pesmom -","robots":{"index":"index","follow":"follow","max-snippet":"max-snippet:-1","max-image-preview":"max-image-preview:large","max-video-preview":"max-video-preview:-1"},"canonical":"https:\/\/mozdaniudar.org\/wp\/2017\/10\/31\/nikad-nije-kasno-covek-nakon-mozdanog-udara-proba-da-ostvari-svoj-san-pesmom\/","og_locale":"en_US","og_type":"article","og_title":"Nikad nije kasno: \u010covek nakon mo\u017edanog udara probao da ostvari svoj san pesmom -","og_description":"Pogledajte snimak iz popularne emisije &#8220;Nikad nije kasno&#8221; o \u010doveku koji je pre\u017eiveo mo\u017edani udar, a onda odlu\u010dio da ostvari[...]","og_url":"https:\/\/mozdaniudar.org\/wp\/2017\/10\/31\/nikad-nije-kasno-covek-nakon-mozdanog-udara-proba-da-ostvari-svoj-san-pesmom\/","article_published_time":"2017-10-31T12:17:44+00:00","article_modified_time":"2017-10-31T12:21:01+00:00","og_image":[{"width":619,"height":347,"url":"https:\/\/mozdaniudar.org\/wp\/wp-content\/uploads\/2017\/10\/nikad-nije-kasno.jpg","type":"image\/jpeg"}],"twitter_card":"summary","twitter_misc":{"Written by":"admin"},"schema":{"@context":"https:\/\/schema.org","@graph":[{"@type":"WebSite","@id":"https:\/\/mozdaniudar.org\/wp\/#website","url":"https:\/\/mozdaniudar.org\/wp\/","name":"","description":"Sajt Udru\u017eenja &quot;Mo\u017edani udar&quot;","potentialAction":[{"@type":"SearchAction","target":{"@type":"EntryPoint","urlTemplate":"https:\/\/mozdaniudar.org\/wp\/?s={search_term_string}"},"query-input":"required name=search_term_string"}],"inLanguage":"en-US"},{"@type":"ImageObject","@id":"https:\/\/mozdaniudar.org\/wp\/2017\/10\/31\/nikad-nije-kasno-covek-nakon-mozdanog-udara-proba-da-ostvari-svoj-san-pesmom\/#primaryimage","inLanguage":"en-US","url":"https:\/\/mozdaniudar.org\/wp\/wp-content\/uploads\/2017\/10\/nikad-nije-kasno.jpg","contentUrl":"https:\/\/mozdaniudar.org\/wp\/wp-content\/uploads\/2017\/10\/nikad-nije-kasno.jpg","width":619,"height":347},{"@type":"WebPage","@id":"https:\/\/mozdaniudar.org\/wp\/2017\/10\/31\/nikad-nije-kasno-covek-nakon-mozdanog-udara-proba-da-ostvari-svoj-san-pesmom\/#webpage","url":"https:\/\/mozdaniudar.org\/wp\/2017\/10\/31\/nikad-nije-kasno-covek-nakon-mozdanog-udara-proba-da-ostvari-svoj-san-pesmom\/","name":"Nikad nije kasno: \u010covek nakon mo\u017edanog udara probao da ostvari svoj san pesmom -","isPartOf":{"@id":"https:\/\/mozdaniudar.org\/wp\/#website"},"primaryImageOfPage":{"@id":"https:\/\/mozdaniudar.org\/wp\/2017\/10\/31\/nikad-nije-kasno-covek-nakon-mozdanog-udara-proba-da-ostvari-svoj-san-pesmom\/#primaryimage"},"datePublished":"2017-10-31T12:17:44+00:00","dateModified":"2017-10-31T12:21:01+00:00","author":{"@id":"https:\/\/mozdaniudar.org\/wp\/#\/schema\/person\/c5eb40d50190fb44a97bf49a2690a11f"},"breadcrumb":{"@id":"https:\/\/mozdaniudar.org\/wp\/2017\/10\/31\/nikad-nije-kasno-covek-nakon-mozdanog-udara-proba-da-ostvari-svoj-san-pesmom\/#breadcrumb"},"inLanguage":"en-US","potentialAction":[{"@type":"ReadAction","target":["https:\/\/mozdaniudar.org\/wp\/2017\/10\/31\/nikad-nije-kasno-covek-nakon-mozdanog-udara-proba-da-ostvari-svoj-san-pesmom\/"]}]},{"@type":"BreadcrumbList","@id":"https:\/\/mozdaniudar.org\/wp\/2017\/10\/31\/nikad-nije-kasno-covek-nakon-mozdanog-udara-proba-da-ostvari-svoj-san-pesmom\/#breadcrumb","itemListElement":[{"@type":"ListItem","position":1,"name":"Home","item":"https:\/\/mozdaniudar.org\/wp\/"},{"@type":"ListItem","position":2,"name":"Nikad nije kasno: \u010covek nakon mo\u017edanog udara probao da ostvari svoj san pesmom"}]},{"@type":"Person","@id":"https:\/\/mozdaniudar.org\/wp\/#\/schema\/person\/c5eb40d50190fb44a97bf49a2690a11f","name":"admin","image":{"@type":"ImageObject","@id":"https:\/\/mozdaniudar.org\/wp\/#personlogo","inLanguage":"en-US","url":"https:\/\/secure.gravatar.com\/avatar\/1658a138ac00e9f4d9366de11ddb9d04?s=96&d=mm&r=g","contentUrl":"https:\/\/secure.gravatar.com\/avatar\/1658a138ac00e9f4d9366de11ddb9d04?s=96&d=mm&r=g","caption":"admin"},"url":"https:\/\/mozdaniudar.org\/wp\/author\/admin\/"}]}},"_links":{"self":[{"href":"https:\/\/mozdaniudar.org\/wp\/wp-json\/wp\/v2\/posts\/96"}],"collection":[{"href":"https:\/\/mozdaniudar.org\/wp\/wp-json\/wp\/v2\/posts"}],"about":[{"href":"https:\/\/mozdaniudar.org\/wp\/wp-json\/wp\/v2\/types\/post"}],"author":[{"embeddable":true,"href":"https:\/\/mozdaniudar.org\/wp\/wp-json\/wp\/v2\/users\/1"}],"replies":[{"embeddable":true,"href":"https:\/\/mozdaniudar.org\/wp\/wp-json\/wp\/v2\/comments?post=96"}],"version-history":[{"count":2,"href":"https:\/\/mozdaniudar.org\/wp\/wp-json\/wp\/v2\/posts\/96\/revisions"}],"predecessor-version":[{"id":99,"href":"https:\/\/mozdaniudar.org\/wp\/wp-json\/wp\/v2\/posts\/96\/revisions\/99"}],"wp:featuredmedia":[{"embeddable":true,"href":"https:\/\/mozdaniudar.org\/wp\/wp-json\/wp\/v2\/media\/98"}],"wp:attachment":[{"href":"https:\/\/mozdaniudar.org\/wp\/wp-json\/wp\/v2\/media?parent=96"}],"wp:term":[{"taxonomy":"category","embeddable":true,"href":"https:\/\/mozdaniudar.org\/wp\/wp-json\/wp\/v2\/categories?post=96"},{"taxonomy":"post_tag","embeddable":true,"href":"https:\/\/mozdaniudar.org\/wp\/wp-json\/wp\/v2\/tags?post=96"}],"curies":[{"name":"wp","href":"https:\/\/api.w.org\/{rel}","templated":true}]}}